{"id":38044,"date":"2025-01-02T06:01:00","date_gmt":"2025-01-02T11:01:00","guid":{"rendered":"https:\/\/ambientestereo.fm\/sitio\/?p=38044"},"modified":"2025-01-01T19:29:02","modified_gmt":"2025-01-02T00:29:02","slug":"distrito-y-car-restauraran-cerros-orientales-de-bogota","status":"publish","type":"post","link":"https:\/\/ambientestereo.fm\/sitio\/noticias\/distrito-y-car-restauraran-cerros-orientales-de-bogota\/","title":{"rendered":"Distrito y CAR restaurar\u00e1n cerros orientales de Bogot\u00e1"},"content":{"rendered":"\n<p>En un esfuerzo conjunto por enfrentar los desaf\u00edos del cambio clim\u00e1tico y la sostenibilidad ambiental, la Alcald\u00eda de Bogot\u00e1 y la Corporaci\u00f3n Aut\u00f3noma Regional (CAR) han formalizado un acuerdo que promete la restauraci\u00f3n de los cerros orientales de la ciudad. Este convenio es parte de una estrategia m\u00e1s amplia que busca no solo la protecci\u00f3n de los ecosistemas estrat\u00e9gicos, sino tambi\u00e9n el fortalecimiento de la conectividad ecol\u00f3gica y la resiliencia frente al cambio clim\u00e1tico.<\/p>\n\n\n\n<p>El acuerdo se centra en la rehabilitaci\u00f3n de la Reserva Forestal Protectora de los cerros orientales de Bogot\u00e1 y la Reserva Forestal Regional Productora del Norte Thomas van der Hammen. Con un enfoque en la cooperaci\u00f3n, las dos entidades han establecido un marco que abarca recursos t\u00e9cnicos, administrativos y log\u00edsticos, con el fin de implementar acciones conjuntas efectivas. Dentro de estos ecosistemas, las 1.395 hect\u00e1reas de la reserva Thomas van der Hammen representan un \u00e1rea cr\u00edtica que, en la actualidad, enfrenta usos dispares que el acuerdo intenta restaurar.<\/p>\n\n\n\n<p>Uno de los pilares del acuerdo es la recuperaci\u00f3n de \u00e1reas afectadas por incendios forestales, lo que facilitar\u00e1 una mayor conectividad ecol\u00f3gica. Este esfuerzo es vital para mejorar la capacidad de adaptaci\u00f3n de Bogot\u00e1 ante los efectos del cambio clim\u00e1tico. El alcalde de Bogot\u00e1, Carlos Fernando Gal\u00e1n, ha destacado que el acuerdo permitir\u00e1 la restauraci\u00f3n de 1.300 hect\u00e1reas de cerros, una escala nunca antes alcanzada en d\u00e9cadas pasadas. Seg\u00fan explica, el mismo impulso se aplicar\u00e1 a la Reserva Thomas van der Hammen, donde ya se han ofertado 174 hect\u00e1reas para su incorporaci\u00f3n en el mecanismo de Transferencia de Derechos de Construcci\u00f3n.<\/p>\n\n\n\n<p>Adriana Soto, secretaria de Ambiente, ha informado que en 2024 se han sembrado 116 hect\u00e1reas en los cerros orientales, adem\u00e1s de mantener otras 368 hect\u00e1reas previamente intervenidas. Estas actividades est\u00e1n orientadas a mejorar la regulaci\u00f3n h\u00eddrica de fuentes acu\u00e1ticas y reducir la vulnerabilidad a incendios, contribuyendo as\u00ed a la calidad del aire en Bogot\u00e1.<\/p>\n\n\n\n<p>Este esfuerzo tambi\u00e9n incluye la identificaci\u00f3n de \u00e1reas prioritarias, la siembra de especies nativas, la implicaci\u00f3n de comunidades locales en proyectos de restauraci\u00f3n y el mantenimiento continuo de las zonas restauradas.<\/p>\n\n\n\n<p>Las actividades enmarcadas por este acuerdo se alinean con los planes de manejo ambiental vigentes y son coherentes con los objetivos de desarrollo sostenible tanto de la CAR como de la administraci\u00f3n distrital. Alfred Ignacio Ballesteros, director general de la CAR, ha afirmado el compromiso de ambas instituciones con la protecci\u00f3n de la biodiversidad y el patrimonio natural de Bogot\u00e1, subrayando la importancia de la colaboraci\u00f3n interinstitucional para lograr un futuro sostenible.<\/p>\n","protected":false},"excerpt":{"rendered":"<p>En un esfuerzo conjunto por enfrentar los desaf\u00edos del cambio clim\u00e1tico y la sostenibilidad ambiental,&#8230;<\/p>\n","protected":false},"author":6,"featured_media":38045,"comment_status":"closed","ping_status":"closed","sticky":false,"template":"","format":"standard","meta":{"_acf_changed":false,"footnotes":""},"categories":[287,384],"tags":[],"class_list":["post-38044","post","type-post","status-publish","format-standard","has-post-thumbnail","hentry","category-noticias","category-verde-tierra-2"],"acf":[],"comment_count":0,"featured_image_url":"https:\/\/ambientestereo.fm\/sitio\/wp-content\/uploads\/2025\/01\/Bogota_Cerros_Orientales.jpg","thumbnail":"https:\/\/ambientestereo.fm\/sitio\/wp-content\/uploads\/2025\/01\/Bogota_Cerros_Orientales-150x150.jpg","_links":{"self":[{"href":"https:\/\/ambientestereo.fm\/sitio\/wp-json\/wp\/v2\/posts\/38044","targetHints":{"allow":["GET"]}}],"collection":[{"href":"https:\/\/ambientestereo.fm\/sitio\/wp-json\/wp\/v2\/posts"}],"about":[{"href":"https:\/\/ambientestereo.fm\/sitio\/wp-json\/wp\/v2\/types\/post"}],"author":[{"embeddable":true,"href":"https:\/\/ambientestereo.fm\/sitio\/wp-json\/wp\/v2\/users\/6"}],"replies":[{"embeddable":true,"href":"https:\/\/ambientestereo.fm\/sitio\/wp-json\/wp\/v2\/comments?post=38044"}],"version-history":[{"count":1,"href":"https:\/\/ambientestereo.fm\/sitio\/wp-json\/wp\/v2\/posts\/38044\/revisions"}],"predecessor-version":[{"id":38046,"href":"https:\/\/ambientestereo.fm\/sitio\/wp-json\/wp\/v2\/posts\/38044\/revisions\/38046"}],"wp:featuredmedia":[{"embeddable":true,"href":"https:\/\/ambientestereo.fm\/sitio\/wp-json\/wp\/v2\/media\/38045"}],"wp:attachment":[{"href":"https:\/\/ambientestereo.fm\/sitio\/wp-json\/wp\/v2\/media?parent=38044"}],"wp:term":[{"taxonomy":"category","embeddable":true,"href":"https:\/\/ambientestereo.fm\/sitio\/wp-json\/wp\/v2\/categories?post=38044"},{"taxonomy":"post_tag","embeddable":true,"href":"https:\/\/ambientestereo.fm\/sitio\/wp-json\/wp\/v2\/tags?post=38044"}],"curies":[{"name":"wp","href":"https:\/\/api.w.org\/{rel}","templated":true}]}}