{"id":39166,"date":"2025-02-19T19:18:19","date_gmt":"2025-02-20T00:18:19","guid":{"rendered":"https:\/\/ambientestereo.fm\/sitio\/?p=39166"},"modified":"2025-02-19T19:19:50","modified_gmt":"2025-02-20T00:19:50","slug":"general-pedro-sanchez-designado-como-ministro-de-defensa","status":"publish","type":"post","link":"https:\/\/ambientestereo.fm\/sitio\/noticias\/general-pedro-sanchez-designado-como-ministro-de-defensa\/","title":{"rendered":"General Pedro S\u00e1nchez designado ministro de Defensa"},"content":{"rendered":"\n<p>El presidente de la Rep\u00fablica, Gustavo Petro, anunci\u00f3 la designaci\u00f3n del general Pedro Arnulfo S\u00e1nchez Su\u00e1rez como nuevo ministro de Defensa, en reemplazo de Iv\u00e1n Vel\u00e1squez. La noticia se dio a conocer durante la Cumbre de Gobernadores que se lleva a cabo en Villa de Leyva, Boyac\u00e1.<\/p>\n\n\n\n<p>S\u00e1nchez es el primer oficial de las Fuerzas Militares en asumir como ministro de Defensa en propiedad desde que el gobierno de C\u00e9sar Gaviria (1990-1994) inici\u00f3 la designaci\u00f3n de civiles para este cargo.<\/p>\n\n\n\n<p>\u00abVamos a tener un nuevo ministro de Defensa, ese ministro de Defensa reemplazar\u00e1 a Iv\u00e1n Vel\u00e1squez que hizo una muy importante labor. Lo que he pensado y espero no equivocarme y espero que sea un general de la Rep\u00fablica y que ese general tenga que ver con la vida. Y que yo he observado que estos dos a\u00f1os c\u00f3mo matan ni\u00f1os en Gaza. (\u2026) Mientras autoridades israel\u00edes bombardean ni\u00f1os en Gaza y autoridades estadounidenses enviaban ni\u00f1os encadenados, aqu\u00ed demostramos c\u00f3mo un general salva vidas y salva la selva. (\u2026) El pr\u00f3ximo ministro de Defensa, ser\u00e1 el general Pedro S\u00e1nchez\u00bb, afirm\u00f3 Petro<\/p>\n\n\n\n<p>El general S\u00e1nchez, oriundo de Boyac\u00e1, cuenta con una destacada carrera en la Fuerza A\u00e9rea Colombiana (FAC). Es piloto con m\u00e1s de 6.800 horas de vuelo en aeronaves de ala rotatoria y ha ocupado cargos estrat\u00e9gicos dentro de la instituci\u00f3n, como comandante del Comando A\u00e9reo de Combate No. 4 en Melgar, Tolima; segundo comandante y jefe de Estado Mayor del Comando A\u00e9reo de Combate No. 5 en Rionegro, Antioquia; y director del Centro de Doctrina A\u00e9rea y Espacial.<\/p>\n\n\n\n<p>En el \u00e1mbito acad\u00e9mico, es administrador de empresas por la Escuela de Administraci\u00f3n de Negocios (EAN) y especialista en Seguridad y Defensa Nacional por la Escuela Superior de Guerra. Adem\u00e1s, posee maestr\u00edas en Estudios Estrat\u00e9gicos por la Air University de la Fuerza A\u00e9rea de Estados Unidos y en Pensamiento Estrat\u00e9gico y Prospectiva por la Universidad Externado de Colombia.<\/p>\n\n\n\n<p>El general S\u00e1nchez es reconocido por su liderazgo en la \u00abOperaci\u00f3n Esperanza\u00bb, desarrollada en junio de 2023, en la que logr\u00f3 la localizaci\u00f3n y rescate de cuatro menores desaparecidos en la selva amaz\u00f3nica tras un accidente a\u00e9reo. Esta misi\u00f3n, considerada una de las m\u00e1s exitosas en t\u00e9rminos de cooperaci\u00f3n entre las Fuerzas Militares, comunidades ind\u00edgenas y voluntarios, le vali\u00f3 m\u00faltiples distinciones nacionales e internacionales.<\/p>\n\n\n\n<p>Entre sus condecoraciones se encuentran la Medalla Militar \u00abAl Valor\u00bb, la Cruz al M\u00e9rito Aeron\u00e1utico y la Orden del M\u00e9rito Militar \u00abAntonio Nari\u00f1o\u00bb. Adem\u00e1s, en enero de 2025 asumi\u00f3 la jefatura de protecci\u00f3n presidencial, encarg\u00e1ndose de la seguridad del presidente Gustavo Petro, la primera dama Ver\u00f3nica Alcocer y la familia presidencial.<\/p>\n\n\n\n<p>Fuente: EL NUEVO SIGLO<\/p>\n","protected":false},"excerpt":{"rendered":"<p>El presidente de la Rep\u00fablica, Gustavo Petro, anunci\u00f3 la designaci\u00f3n del general Pedro Arnulfo S\u00e1nchez&#8230;<\/p>\n","protected":false},"author":6,"featured_media":39167,"comment_status":"closed","ping_status":"closed","sticky":false,"template":"","format":"standard","meta":{"_acf_changed":false,"footnotes":""},"categories":[412,287],"tags":[],"class_list":["post-39166","post","type-post","status-publish","format-standard","has-post-thumbnail","hentry","category-destacado","category-noticias"],"acf":[],"comment_count":0,"featured_image_url":"https:\/\/ambientestereo.fm\/sitio\/wp-content\/uploads\/2025\/02\/General_Pedro_Sanchez.jpg","thumbnail":"https:\/\/ambientestereo.fm\/sitio\/wp-content\/uploads\/2025\/02\/General_Pedro_Sanchez-150x150.jpg","_links":{"self":[{"href":"https:\/\/ambientestereo.fm\/sitio\/wp-json\/wp\/v2\/posts\/39166","targetHints":{"allow":["GET"]}}],"collection":[{"href":"https:\/\/ambientestereo.fm\/sitio\/wp-json\/wp\/v2\/posts"}],"about":[{"href":"https:\/\/ambientestereo.fm\/sitio\/wp-json\/wp\/v2\/types\/post"}],"author":[{"embeddable":true,"href":"https:\/\/ambientestereo.fm\/sitio\/wp-json\/wp\/v2\/users\/6"}],"replies":[{"embeddable":true,"href":"https:\/\/ambientestereo.fm\/sitio\/wp-json\/wp\/v2\/comments?post=39166"}],"version-history":[{"count":2,"href":"https:\/\/ambientestereo.fm\/sitio\/wp-json\/wp\/v2\/posts\/39166\/revisions"}],"predecessor-version":[{"id":39169,"href":"https:\/\/ambientestereo.fm\/sitio\/wp-json\/wp\/v2\/posts\/39166\/revisions\/39169"}],"wp:featuredmedia":[{"embeddable":true,"href":"https:\/\/ambientestereo.fm\/sitio\/wp-json\/wp\/v2\/media\/39167"}],"wp:attachment":[{"href":"https:\/\/ambientestereo.fm\/sitio\/wp-json\/wp\/v2\/media?parent=39166"}],"wp:term":[{"taxonomy":"category","embeddable":true,"href":"https:\/\/ambientestereo.fm\/sitio\/wp-json\/wp\/v2\/categories?post=39166"},{"taxonomy":"post_tag","embeddable":true,"href":"https:\/\/ambientestereo.fm\/sitio\/wp-json\/wp\/v2\/tags?post=39166"}],"curies":[{"name":"wp","href":"https:\/\/api.w.org\/{rel}","templated":true}]}}