{"id":40609,"date":"2025-04-24T23:32:23","date_gmt":"2025-04-25T04:32:23","guid":{"rendered":"https:\/\/ambientestereo.fm\/sitio\/?p=40609"},"modified":"2025-05-11T20:17:12","modified_gmt":"2025-05-12T01:17:12","slug":"barrientos-hablo-sobre-los-desafios-de-la-musica-cristiana","status":"publish","type":"post","link":"https:\/\/ambientestereo.fm\/sitio\/noticias\/barrientos-hablo-sobre-los-desafios-de-la-musica-cristiana\/","title":{"rendered":"Barrientos reflexiona sobre la m\u00fasica cristiana"},"content":{"rendered":"\n<p>En una conversaci\u00f3n profunda a trav\u00e9s de Youtube con el predicador Itiel Arroyo, el reconocido salmista Marco Barrientos comparti\u00f3 una reflexi\u00f3n sobre los retos que hoy enfrenta el ministerio musical cristiano, el cual \u2014seg\u00fan Barrientos\u2014 \u00abpoco a poco se fue desarrollando y se convirti\u00f3 en una industria\u00bb.<\/p>\n\n\n\n<p>Con m\u00e1s de cuatro d\u00e9cadas de trayectoria en la alabanza y la adoraci\u00f3n, Barrientos alert\u00f3 sobre los peligros que supone convertir la m\u00fasica cristiana en un negocio. Para el salmista mexicano, la diferencia entre usar la m\u00fasica para conectarse con la presencia de Dios y verla como un producto de consumo masivo, es m\u00e1s que conceptual, es totalmente espiritual. \u00abEl problema no es la m\u00fasica, sino el coraz\u00f3n que la dirige\u00bb, subray\u00f3 durante la entrevista.<\/p>\n\n\n\n<p>Marco Barrientos explic\u00f3 que plataformas como Spotify, Apple Music o Amazon han hecho posible que los artistas cristianos reciban regal\u00edas. Sin embargo, alert\u00f3 que el problema comienza cuando la motivaci\u00f3n cambia: \u00abSi no tenemos cuidado, podr\u00edamos hacer m\u00fasica solo por la ganancia, no por el llamado que Dios nos hizo\u00bb.<\/p>\n\n\n\n<p>Barrientos, cuya influencia en la adoraci\u00f3n ha trascendido fronteras, aclar\u00f3 que no habla desde una postura de juicio. Afirm\u00f3 que el verdadero ministerio no nace de la t\u00e9cnica, la fama ni las plataformas digitales, sino de una vida completamente rendida a Dios.<\/p>\n\n\n\n<p>Para ilustrar su preocupaci\u00f3n, el salmista relat\u00f3 una experiencia que vivi\u00f3 en Bogot\u00e1. Un pastor le inform\u00f3 que un promotor vend\u00eda fechas para conciertos suyos sin autorizaci\u00f3n directa, obteniendo grandes sumas de dinero sin ning\u00fan tipo de servicio ministerial real. \u00abEso me sacudi\u00f3. Me di cuenta de que hab\u00eda bajado la guardia al aceptar invitaciones sin saber con qui\u00e9n estaba tratando\u00bb, confes\u00f3.<br>\u00abEl problema surge cuando se pierde la honra y se entra en la l\u00f3gica de la compra y venta, olvidando que el reino de Dios se basa en dar y recibir\u00bb, explic\u00f3 Barrientos, quien inici\u00f3 su ministerio en los a\u00f1os 80 y ha sido clave en la formaci\u00f3n de generaciones de adoradores.<\/p>\n\n\n\n<p>Marco Barrientos tambi\u00e9n inst\u00f3 a los l\u00edderes de alabanza a no perder de vista su verdadero llamado.<\/p>\n\n\n\n<p>\u00abResistan la tentaci\u00f3n de la fama que viene a trav\u00e9s de la m\u00fasica y la notoriedad en las redes sociales, que eso no los saque de estar con su familia espiritual, que es la iglesia local\u00bb, dijo Barrientos, al tiempo que enfatiz\u00f3 que la m\u00fasica debe ser utilizada como una herramienta poderosa para conectarnos con Dios.<\/p>\n\n\n\n<p>Sobre los j\u00f3venes que sue\u00f1an y tienen como \u00fanico objetivo tener una banda, grabar un disco y comenzar a viajar, Barrientos dijo: \u00absi dejas de servir, al poco tiempo dejas de asistir\u00bb.<\/p>\n\n\n\n<p>Finalmente, Marco Barrientos hizo un llamado a los m\u00fasicos cristianos a examinar sus motivaciones y recordar que el verdadero prop\u00f3sito es guiar a otros a un encuentro con Dios.<\/p>\n\n\n\n<p>\u00abEn mi iglesia local me ense\u00f1aron: que \u00abno soy un m\u00fasico, soy una persona que ama a Jes\u00fas y le sirve con diferentes herramientas\u00bb, concluy\u00f3 Barrientos.<\/p>\n\n\n\n<p>Fuente: NOTICIA CRISTIANA<\/p>\n","protected":false},"excerpt":{"rendered":"<p>En una conversaci\u00f3n profunda a trav\u00e9s de Youtube con el predicador Itiel Arroyo, el reconocido&#8230;<\/p>\n","protected":false},"author":6,"featured_media":40610,"comment_status":"closed","ping_status":"closed","sticky":false,"template":"","format":"standard","meta":{"_acf_changed":false,"footnotes":""},"categories":[287,292],"tags":[],"class_list":["post-40609","post","type-post","status-publish","format-standard","has-post-thumbnail","hentry","category-noticias","category-mundogospel"],"acf":[],"comment_count":0,"featured_image_url":"https:\/\/ambientestereo.fm\/sitio\/wp-content\/uploads\/2025\/04\/Marco_Barrientos-1.jpg","thumbnail":"https:\/\/ambientestereo.fm\/sitio\/wp-content\/uploads\/2025\/04\/Marco_Barrientos-1-150x150.jpg","_links":{"self":[{"href":"https:\/\/ambientestereo.fm\/sitio\/wp-json\/wp\/v2\/posts\/40609","targetHints":{"allow":["GET"]}}],"collection":[{"href":"https:\/\/ambientestereo.fm\/sitio\/wp-json\/wp\/v2\/posts"}],"about":[{"href":"https:\/\/ambientestereo.fm\/sitio\/wp-json\/wp\/v2\/types\/post"}],"author":[{"embeddable":true,"href":"https:\/\/ambientestereo.fm\/sitio\/wp-json\/wp\/v2\/users\/6"}],"replies":[{"embeddable":true,"href":"https:\/\/ambientestereo.fm\/sitio\/wp-json\/wp\/v2\/comments?post=40609"}],"version-history":[{"count":10,"href":"https:\/\/ambientestereo.fm\/sitio\/wp-json\/wp\/v2\/posts\/40609\/revisions"}],"predecessor-version":[{"id":40948,"href":"https:\/\/ambientestereo.fm\/sitio\/wp-json\/wp\/v2\/posts\/40609\/revisions\/40948"}],"wp:featuredmedia":[{"embeddable":true,"href":"https:\/\/ambientestereo.fm\/sitio\/wp-json\/wp\/v2\/media\/40610"}],"wp:attachment":[{"href":"https:\/\/ambientestereo.fm\/sitio\/wp-json\/wp\/v2\/media?parent=40609"}],"wp:term":[{"taxonomy":"category","embeddable":true,"href":"https:\/\/ambientestereo.fm\/sitio\/wp-json\/wp\/v2\/categories?post=40609"},{"taxonomy":"post_tag","embeddable":true,"href":"https:\/\/ambientestereo.fm\/sitio\/wp-json\/wp\/v2\/tags?post=40609"}],"curies":[{"name":"wp","href":"https:\/\/api.w.org\/{rel}","templated":true}]}}