{"id":40778,"date":"2025-05-03T03:13:00","date_gmt":"2025-05-03T08:13:00","guid":{"rendered":"https:\/\/ambientestereo.fm\/sitio\/?p=40778"},"modified":"2025-05-02T20:13:13","modified_gmt":"2025-05-03T01:13:13","slug":"edgar-renteria-al-salon-de-la-fama","status":"publish","type":"post","link":"https:\/\/ambientestereo.fm\/sitio\/noticias\/edgar-renteria-al-salon-de-la-fama\/","title":{"rendered":"\u00c9dgar Renter\u00eda al Sal\u00f3n de la Fama"},"content":{"rendered":"\n<p>El legendario ex beisbolista barranquillero entrar\u00e1 al Sal\u00f3n de la Fama de los Cardenales de San Luis.<\/p>\n\n\n\n<p>Renter\u00eda se retir\u00f3 desde 2011, pero sigue bateando de hit.Es una leyenda viviente que no para de lograr triunfos, pero mantiene los pies en la tierra.<\/p>\n\n\n\n<p>Con la misma humildad que habl\u00f3 tras conectar el imparable de oro que llev\u00f3 los Marlins de Miami al t\u00edtulo de la Serie Mundial en 1997 o tras ser el MVP del Cl\u00e1sico de Oto\u00f1o que coron\u00f3 campeones a los Gigantes de San Francisco en 2010, Renter\u00eda ser refiri\u00f3 a su m\u00e1s reciente logro: su entrada al Sal\u00f3n de la Fama de los Cardenales de San Luis. El barranquillero de 49 a\u00f1os, manifest\u00f3 su orgullo, alegr\u00eda y eterna modestia.<\/p>\n\n\n\n<p>\u00abLa verdad es que estoy muy feliz, muy contento. Para m\u00ed es un orgullo estar en el Sal\u00f3n de la Fama de los Cardenales de San Luis, al lado de todas esas leyendas que ha tenido la organizaci\u00f3n. Eso es un orgullo inmenso\u00bb, dijo Renter\u00eda.<\/p>\n\n\n\n<p>La ceremonia de exaltaci\u00f3n de Renter\u00eda est\u00e1 prevista para el 6 de septiembre.<\/p>\n\n\n\n<p>\u00c9dgar Enrique Renter\u00eda Erazo (Barranquilla, 7 de agosto de 1975) es un beisbolista colombiano que jug\u00f3 de 1996 a 2011 en las Grandes Ligas de B\u00e9isbol (MLB) como campocorto. Renter\u00eda hizo su debut en Grandes Ligas en 1996 con los Florida Marlins y su \u00faltimo equipo fueron los Cincinnati Reds en 2011. Result\u00f3 campe\u00f3n con los Marlins en 1997, anotando el hit ganador y en 2010 con los San Francisco Giants, por su actuaci\u00f3n en esta \u00faltima fue premiado como Jugador Mas Valioso de la Serie Mundial.<\/p>\n\n\n\n<p>Ha sido el \u00fanico beisbolista colombiano en ganar dos series mundiales. Gracias a sus logros y triunfos en las MLB, se le considera como el mejor jugador colombiano en la historia de esta.<\/p>\n\n\n\n<p>Fuente: EL HERALDO<\/p>\n","protected":false},"excerpt":{"rendered":"<p>El legendario ex beisbolista barranquillero entrar\u00e1 al Sal\u00f3n de la Fama de los Cardenales de&#8230;<\/p>\n","protected":false},"author":6,"featured_media":40779,"comment_status":"closed","ping_status":"closed","sticky":false,"template":"","format":"standard","meta":{"_acf_changed":false,"footnotes":""},"categories":[294,287],"tags":[],"class_list":["post-40778","post","type-post","status-publish","format-standard","has-post-thumbnail","hentry","category-actualidad","category-noticias"],"acf":[],"comment_count":0,"featured_image_url":"https:\/\/ambientestereo.fm\/sitio\/wp-content\/uploads\/2025\/05\/Edgar-Renteria.jpg","thumbnail":"https:\/\/ambientestereo.fm\/sitio\/wp-content\/uploads\/2025\/05\/Edgar-Renteria-150x150.jpg","_links":{"self":[{"href":"https:\/\/ambientestereo.fm\/sitio\/wp-json\/wp\/v2\/posts\/40778","targetHints":{"allow":["GET"]}}],"collection":[{"href":"https:\/\/ambientestereo.fm\/sitio\/wp-json\/wp\/v2\/posts"}],"about":[{"href":"https:\/\/ambientestereo.fm\/sitio\/wp-json\/wp\/v2\/types\/post"}],"author":[{"embeddable":true,"href":"https:\/\/ambientestereo.fm\/sitio\/wp-json\/wp\/v2\/users\/6"}],"replies":[{"embeddable":true,"href":"https:\/\/ambientestereo.fm\/sitio\/wp-json\/wp\/v2\/comments?post=40778"}],"version-history":[{"count":1,"href":"https:\/\/ambientestereo.fm\/sitio\/wp-json\/wp\/v2\/posts\/40778\/revisions"}],"predecessor-version":[{"id":40780,"href":"https:\/\/ambientestereo.fm\/sitio\/wp-json\/wp\/v2\/posts\/40778\/revisions\/40780"}],"wp:featuredmedia":[{"embeddable":true,"href":"https:\/\/ambientestereo.fm\/sitio\/wp-json\/wp\/v2\/media\/40779"}],"wp:attachment":[{"href":"https:\/\/ambientestereo.fm\/sitio\/wp-json\/wp\/v2\/media?parent=40778"}],"wp:term":[{"taxonomy":"category","embeddable":true,"href":"https:\/\/ambientestereo.fm\/sitio\/wp-json\/wp\/v2\/categories?post=40778"},{"taxonomy":"post_tag","embeddable":true,"href":"https:\/\/ambientestereo.fm\/sitio\/wp-json\/wp\/v2\/tags?post=40778"}],"curies":[{"name":"wp","href":"https:\/\/api.w.org\/{rel}","templated":true}]}}