{"id":42537,"date":"2025-07-31T01:04:00","date_gmt":"2025-07-31T06:04:00","guid":{"rendered":"https:\/\/ambientestereo.fm\/sitio\/?p=42537"},"modified":"2025-07-30T21:09:08","modified_gmt":"2025-07-31T02:09:08","slug":"paramo-de-santurban-es-declarado-sujeto-de-derechos","status":"publish","type":"post","link":"https:\/\/ambientestereo.fm\/sitio\/noticias\/paramo-de-santurban-es-declarado-sujeto-de-derechos\/","title":{"rendered":"P\u00e1ramo de Santurb\u00e1n es declarado sujeto de derechos"},"content":{"rendered":"\n<p>El Tribunal Administrativo de Santander emiti\u00f3 una hist\u00f3rica sentencia que reconoce al p\u00e1ramo de Santurb\u00e1n como sujeto de derechos, figura jur\u00eddica que impone al Estado una obligaci\u00f3n directa e incondicional de proteger, conservar y restaurar este ecosistema estrat\u00e9gico, clave para el suministro de agua de m\u00e1s de dos millones de personas en el nororiente colombiano.<\/p>\n\n\n\n<p>La decisi\u00f3n fue adoptada como respuesta a dos acciones populares interpuestas, una por la Alcald\u00eda de Bucaramanga y otra por el ciudadano Antonio Jos\u00e9 Serrano, quienes alertaron sobre los riesgos ambientales que representan los proyectos de extracci\u00f3n subterr\u00e1nea de oro, particularmente los promovidos por la Sociedad Minera de Santander, Minesa.<\/p>\n\n\n\n<p>Aunque el proyecto de Minesa fue archivado en 2021, el Tribunal advirti\u00f3 que persisten amenazas debido a la inacci\u00f3n del Estado frente al cumplimiento de la sentencia de la Corte Constitucional de 2017, que ordenaba delimitar el p\u00e1ramo con participaci\u00f3n ciudadana. La falta de una definici\u00f3n clara del \u00e1rea protegida ha facilitado la expansi\u00f3n de actividades mineras ilegales y ha prolongado el riesgo ecol\u00f3gico sobre este territorio de alta monta\u00f1a.<\/p>\n\n\n\n<p>Entre las disposiciones m\u00e1s relevantes del fallo, se encuentra la suspensi\u00f3n inmediata de cualquier tr\u00e1mite de licenciamiento ambiental que pueda afectar al p\u00e1ramo, mientras no se concluya el proceso de delimitaci\u00f3n participativa.<\/p>\n\n\n\n<p>Asimismo, se instruye a las autoridades ambientales como la Cdmb y Corponor, y a los municipios de Vetas, California y Surat\u00e1, para que ajusten sus Esquemas de Ordenamiento Territorial a las nuevas determinantes que surjan de dicha delimitaci\u00f3n.<\/p>\n\n\n\n<p>El Ministerio de Ambiente tambi\u00e9n fue requerido para que agilice ese proceso pendiente de delimitaci\u00f3n, sin nuevas dilaciones y con plena inclusi\u00f3n de las comunidades. El fallo enfatiza que la protecci\u00f3n de Santurb\u00e1n no puede seguir siendo vista como una mera decisi\u00f3n administrativa, sino como un deber legal y \u00e9tico.<\/p>\n\n\n\n<p>Fuente: BLU RADIO<\/p>\n","protected":false},"excerpt":{"rendered":"<p>El Tribunal Administrativo de Santander emiti\u00f3 una hist\u00f3rica sentencia que reconoce al p\u00e1ramo de Santurb\u00e1n&#8230;<\/p>\n","protected":false},"author":6,"featured_media":42538,"comment_status":"closed","ping_status":"closed","sticky":false,"template":"","format":"standard","meta":{"_acf_changed":false,"footnotes":""},"categories":[287,384],"tags":[],"class_list":["post-42537","post","type-post","status-publish","format-standard","has-post-thumbnail","hentry","category-noticias","category-verde-tierra-2"],"acf":[],"comment_count":0,"featured_image_url":"https:\/\/ambientestereo.fm\/sitio\/wp-content\/uploads\/2025\/07\/Paramo-de-Santurban.jpg","thumbnail":"https:\/\/ambientestereo.fm\/sitio\/wp-content\/uploads\/2025\/07\/Paramo-de-Santurban-150x150.jpg","_links":{"self":[{"href":"https:\/\/ambientestereo.fm\/sitio\/wp-json\/wp\/v2\/posts\/42537","targetHints":{"allow":["GET"]}}],"collection":[{"href":"https:\/\/ambientestereo.fm\/sitio\/wp-json\/wp\/v2\/posts"}],"about":[{"href":"https:\/\/ambientestereo.fm\/sitio\/wp-json\/wp\/v2\/types\/post"}],"author":[{"embeddable":true,"href":"https:\/\/ambientestereo.fm\/sitio\/wp-json\/wp\/v2\/users\/6"}],"replies":[{"embeddable":true,"href":"https:\/\/ambientestereo.fm\/sitio\/wp-json\/wp\/v2\/comments?post=42537"}],"version-history":[{"count":1,"href":"https:\/\/ambientestereo.fm\/sitio\/wp-json\/wp\/v2\/posts\/42537\/revisions"}],"predecessor-version":[{"id":42539,"href":"https:\/\/ambientestereo.fm\/sitio\/wp-json\/wp\/v2\/posts\/42537\/revisions\/42539"}],"wp:featuredmedia":[{"embeddable":true,"href":"https:\/\/ambientestereo.fm\/sitio\/wp-json\/wp\/v2\/media\/42538"}],"wp:attachment":[{"href":"https:\/\/ambientestereo.fm\/sitio\/wp-json\/wp\/v2\/media?parent=42537"}],"wp:term":[{"taxonomy":"category","embeddable":true,"href":"https:\/\/ambientestereo.fm\/sitio\/wp-json\/wp\/v2\/categories?post=42537"},{"taxonomy":"post_tag","embeddable":true,"href":"https:\/\/ambientestereo.fm\/sitio\/wp-json\/wp\/v2\/tags?post=42537"}],"curies":[{"name":"wp","href":"https:\/\/api.w.org\/{rel}","templated":true}]}}