{"id":45476,"date":"2026-01-03T09:07:34","date_gmt":"2026-01-03T14:07:34","guid":{"rendered":"https:\/\/ambientestereo.fm\/sitio\/?p=45476"},"modified":"2026-01-03T09:09:51","modified_gmt":"2026-01-03T14:09:51","slug":"rusia-e-iran-critican-detencion-de-nicolas-maduro","status":"publish","type":"post","link":"https:\/\/ambientestereo.fm\/sitio\/noticias\/rusia-e-iran-critican-detencion-de-nicolas-maduro\/","title":{"rendered":"Rusia e Ir\u00e1n critican detenci\u00f3n de Maduro"},"content":{"rendered":"\n<p class=\"wp-block-paragraph\">El ataque que tropas de EE.UU. ejecutaron en la madrugada de este s\u00e1bado 3 de enero en Venezuela, y que termin\u00f3 con la captura del presidente Nicol\u00e1s Maduro y su esposa Cilia Flores, gener\u00f3 reacciones inmediatas en el \u00e1mbito internacional.<\/p>\n\n\n\n<p class=\"wp-block-paragraph\">En la red social Truth, el presidente de EE.UU., Donald Trump, inform\u00f3 que se hab\u00eda llevado a cabo un operativo en varios puntos del pa\u00eds sudamericano que condujo a la captura y salida del pa\u00eds de Maduro, quien ejerc\u00eda como presidente de Venezuela desde 2013.<\/p>\n\n\n\n<p class=\"wp-block-paragraph\">La incursi\u00f3n militar y la captura del mandatario, algo in\u00e9dito en la historia moderna de Venezuela, fue rechazada ampliamente por los gobiernos de Ir\u00e1n y Rusia, que han sido cercanos a los gobiernos chavistas que han estado al frente del pa\u00eds en los \u00faltimos 25 a\u00f1os.<\/p>\n\n\n\n<p class=\"wp-block-paragraph\">\u00abEl Ministerio de Asuntos Exteriores de Ir\u00e1n condena firmemente el ataque militar estadounidense contra Venezuela y la flagrante violaci\u00f3n de la soberan\u00eda nacional y de la integridad territorial del pa\u00eds\u00bb, se\u00f1al\u00f3 este departamento en un comunicado.<\/p>\n\n\n\n<p class=\"wp-block-paragraph\">Por su parte, Mosc\u00fa, otro aliado hist\u00f3rico del actual r\u00e9gimen en Venezuela, tambi\u00e9n se pronunci\u00f3 sobre la captura de Maduro y los ataques a distintas bases militares.<\/p>\n\n\n\n<p class=\"wp-block-paragraph\">\u00abEstados Unidos cometi\u00f3 un acto de agresi\u00f3n armada contra Venezuela. Esto es profundamente preocupante y condenable\u00bb, se\u00f1al\u00f3 en un comunicado de prensa el Ministerio de Relaciones Exteriores ruso.<\/p>\n\n\n\n<p class=\"wp-block-paragraph\">La embajada de Rusia en Caracas se refiri\u00f3 tambi\u00e9n al ataque e inform\u00f3 que su sede no se hab\u00eda visto afectada.<\/p>\n\n\n\n<p class=\"wp-block-paragraph\">\u00abEl barrio donde se encuentra la Embajada y las zonas adyacentes no fueron atacadas\u00bb, ha se\u00f1alado el embajador Sergu\u00e9i Melik-Bagdas\u00e1rov, citado por agencias rusas.<\/p>\n\n\n\n<p class=\"wp-block-paragraph\">Por su parte, el gobierno espa\u00f1ol hizo un llamado a la prudencia tras conocer la noticia de la captura y salida del pa\u00eds de Nicol\u00e1s Maduro, tras los ataques en Caracas de esta madrugada.<\/p>\n\n\n\n<p class=\"wp-block-paragraph\">El Ministerio de Asuntos Exteriores emiti\u00f3 un comunicado donde hace \u00abun llamamiento a la desescalada y a la moderaci\u00f3n\u00bb, adem\u00e1s de instar \u00aba actuar siempre con respeto al derecho internacional y a los principios de la Carta de Naciones Unidas\u00bb.<\/p>\n\n\n\n<p class=\"wp-block-paragraph\">El presidente Pedro S\u00e1nchez se ofreci\u00f3 como posible mediador en la situaci\u00f3n actual de Venezuela.<\/p>\n\n\n\n<p class=\"wp-block-paragraph\">\u00abEspa\u00f1a est\u00e1 dispuesta a prestar sus buenos oficios para lograr una soluci\u00f3n pac\u00edfica y negociada a la actual crisis\u00bb, escribi\u00f3 en cuenta de X.<\/p>\n\n\n\n<p class=\"wp-block-paragraph\">La Uni\u00f3n Europea tambi\u00e9n se pronunci\u00f3 al respecto.<\/p>\n\n\n\n<p class=\"wp-block-paragraph\">La vicepresidente de la Comisi\u00f3n Europea, Kaja Kallas, confirm\u00f3 que hab\u00eda hablado con el secretario de Estado de EE.UU. y con el embajador de la Uni\u00f3n Europea (UE) en Caracas para analizar los desarrollos en el terreno en Venezuela.<\/p>\n\n\n\n<p class=\"wp-block-paragraph\">\u00abLa UE sigue de cerca lo que ocurre en el pa\u00eds\u00bb, ha asegurado Kallas a varios medios europeos.<\/p>\n\n\n\n<p class=\"wp-block-paragraph\">\u00abLa UE ha declarado en repetidas ocasiones que Maduro carece de legitimidad y ha defendido una transici\u00f3n pac\u00edfica. En cualquier circunstancia, deben respetarse los principios del Derecho internacional y la Carta de Naciones Unidas\u00bb, a\u00f1adi\u00f3 la funcionaria europea.<\/p>\n\n\n\n<p class=\"wp-block-paragraph\">Fuente: BBC<\/p>\n","protected":false},"excerpt":{"rendered":"<p>El ataque que tropas de EE.UU. ejecutaron en la madrugada de este s\u00e1bado 3 de&#8230;<\/p>\n","protected":false},"author":6,"featured_media":44629,"comment_status":"closed","ping_status":"closed","sticky":false,"template":"","format":"standard","meta":{"_acf_changed":false,"footnotes":""},"categories":[412,287],"tags":[],"class_list":["post-45476","post","type-post","status-publish","format-standard","has-post-thumbnail","hentry","category-destacado","category-noticias"],"acf":[],"comment_count":0,"featured_image_url":"https:\/\/ambientestereo.fm\/sitio\/wp-content\/uploads\/2025\/11\/Serguei_Lavrov-1-1.jpg","thumbnail":"https:\/\/ambientestereo.fm\/sitio\/wp-content\/uploads\/2025\/11\/Serguei_Lavrov-1-1-150x150.jpg","_links":{"self":[{"href":"https:\/\/ambientestereo.fm\/sitio\/wp-json\/wp\/v2\/posts\/45476","targetHints":{"allow":["GET"]}}],"collection":[{"href":"https:\/\/ambientestereo.fm\/sitio\/wp-json\/wp\/v2\/posts"}],"about":[{"href":"https:\/\/ambientestereo.fm\/sitio\/wp-json\/wp\/v2\/types\/post"}],"author":[{"embeddable":true,"href":"https:\/\/ambientestereo.fm\/sitio\/wp-json\/wp\/v2\/users\/6"}],"replies":[{"embeddable":true,"href":"https:\/\/ambientestereo.fm\/sitio\/wp-json\/wp\/v2\/comments?post=45476"}],"version-history":[{"count":2,"href":"https:\/\/ambientestereo.fm\/sitio\/wp-json\/wp\/v2\/posts\/45476\/revisions"}],"predecessor-version":[{"id":45478,"href":"https:\/\/ambientestereo.fm\/sitio\/wp-json\/wp\/v2\/posts\/45476\/revisions\/45478"}],"wp:featuredmedia":[{"embeddable":true,"href":"https:\/\/ambientestereo.fm\/sitio\/wp-json\/wp\/v2\/media\/44629"}],"wp:attachment":[{"href":"https:\/\/ambientestereo.fm\/sitio\/wp-json\/wp\/v2\/media?parent=45476"}],"wp:term":[{"taxonomy":"category","embeddable":true,"href":"https:\/\/ambientestereo.fm\/sitio\/wp-json\/wp\/v2\/categories?post=45476"},{"taxonomy":"post_tag","embeddable":true,"href":"https:\/\/ambientestereo.fm\/sitio\/wp-json\/wp\/v2\/tags?post=45476"}],"curies":[{"name":"wp","href":"https:\/\/api.w.org\/{rel}","templated":true}]}}