{"id":45489,"date":"2026-01-04T01:02:00","date_gmt":"2026-01-04T06:02:00","guid":{"rendered":"https:\/\/ambientestereo.fm\/sitio\/?p=45489"},"modified":"2026-01-03T22:47:51","modified_gmt":"2026-01-04T03:47:51","slug":"delcy-rodriguez-presidente-encargada-de-venezuela","status":"publish","type":"post","link":"https:\/\/ambientestereo.fm\/sitio\/noticias\/delcy-rodriguez-presidente-encargada-de-venezuela\/","title":{"rendered":"Delcy Rodr\u00edguez, presidente encargada de Venezuela"},"content":{"rendered":"\n<p class=\"wp-block-paragraph\">En una decisi\u00f3n de la Sala Constitucional del Tribunal Supremo de Justicia (TSJ), anunciada en la noche de este 3 de enero, se ordena que la vicepresidente Delcy Rodr\u00edguez asuma, \u201cen condici\u00f3n de encargada\u201d, como presidenta de Venezuela.<\/p>\n\n\n\n<p class=\"wp-block-paragraph\">Seg\u00fan alega el M\u00e1ximo Tribunal, lo ocurrido con la extracci\u00f3n de Nicol\u00e1s Maduro, es algo no previsto en la Constituci\u00f3n, por lo que no pueden \u201cdecidir a\u00fan\u201d, de fondo, si la falta de Maduro es temporal o absoluta.<\/p>\n\n\n\n<p class=\"wp-block-paragraph\">En ese sentido, se\u00f1alan que, para \u201cgarantizar la continuidad administrativa\u201d del pa\u00eds, se toma esa decisi\u00f3n.<\/p>\n\n\n\n<p class=\"wp-block-paragraph\">Seg\u00fan la Constituci\u00f3n, en su art\u00edculo 234, cuando la falta del presidente es temporal, el vicepresidente asume sus funciones por 90 d\u00edas prorrogables, la Asamblea Nacional por otros 90 d\u00edas m\u00e1s y si, pasado ese tiempo se mantiene la falta, el Parlamento debe declarar la falta absoluta por lo que habr\u00eda que llamar a elecciones.<\/p>\n\n\n\n<p class=\"wp-block-paragraph\">La decisi\u00f3n del Tribunal Supremo de Justicia se tom\u00f3 \u201cvista la agresi\u00f3n militar extranjera suscitada\u201d y \u201cque tuvo por objeto el secuestro del presidente constitucional, Nicol\u00e1s Maduro Moros\u201d. El detenido y extra\u00eddo de Venezuela fue trasladado a una prisi\u00f3n federal en Nueva York, donde enfrenta cargos por narcotr\u00e1fico y terrorismo, entre otros.<\/p>\n\n\n\n<p class=\"wp-block-paragraph\">De esta manera, se espera que el 5 de enero se instale la Asamblea Nacional para su nuevo per\u00edodo de sesiones. En caso de declararse la falta absoluta de Maduro, la legislaci\u00f3n venezolana establece la convocatoria de elecciones presidenciales en un plazo de 30 d\u00edas.<\/p>\n\n\n\n<p class=\"wp-block-paragraph\">Fuente: INFOBAE<\/p>\n","protected":false},"excerpt":{"rendered":"<p>En una decisi\u00f3n de la Sala Constitucional del Tribunal Supremo de Justicia (TSJ), anunciada en&#8230;<\/p>\n","protected":false},"author":6,"featured_media":45483,"comment_status":"closed","ping_status":"closed","sticky":false,"template":"","format":"standard","meta":{"_acf_changed":false,"footnotes":""},"categories":[412,287],"tags":[],"class_list":["post-45489","post","type-post","status-publish","format-standard","has-post-thumbnail","hentry","category-destacado","category-noticias"],"acf":[],"comment_count":0,"featured_image_url":"https:\/\/ambientestereo.fm\/sitio\/wp-content\/uploads\/2026\/01\/Delcy_Rodriguez.jpg","thumbnail":"https:\/\/ambientestereo.fm\/sitio\/wp-content\/uploads\/2026\/01\/Delcy_Rodriguez-150x150.jpg","_links":{"self":[{"href":"https:\/\/ambientestereo.fm\/sitio\/wp-json\/wp\/v2\/posts\/45489","targetHints":{"allow":["GET"]}}],"collection":[{"href":"https:\/\/ambientestereo.fm\/sitio\/wp-json\/wp\/v2\/posts"}],"about":[{"href":"https:\/\/ambientestereo.fm\/sitio\/wp-json\/wp\/v2\/types\/post"}],"author":[{"embeddable":true,"href":"https:\/\/ambientestereo.fm\/sitio\/wp-json\/wp\/v2\/users\/6"}],"replies":[{"embeddable":true,"href":"https:\/\/ambientestereo.fm\/sitio\/wp-json\/wp\/v2\/comments?post=45489"}],"version-history":[{"count":1,"href":"https:\/\/ambientestereo.fm\/sitio\/wp-json\/wp\/v2\/posts\/45489\/revisions"}],"predecessor-version":[{"id":45490,"href":"https:\/\/ambientestereo.fm\/sitio\/wp-json\/wp\/v2\/posts\/45489\/revisions\/45490"}],"wp:featuredmedia":[{"embeddable":true,"href":"https:\/\/ambientestereo.fm\/sitio\/wp-json\/wp\/v2\/media\/45483"}],"wp:attachment":[{"href":"https:\/\/ambientestereo.fm\/sitio\/wp-json\/wp\/v2\/media?parent=45489"}],"wp:term":[{"taxonomy":"category","embeddable":true,"href":"https:\/\/ambientestereo.fm\/sitio\/wp-json\/wp\/v2\/categories?post=45489"},{"taxonomy":"post_tag","embeddable":true,"href":"https:\/\/ambientestereo.fm\/sitio\/wp-json\/wp\/v2\/tags?post=45489"}],"curies":[{"name":"wp","href":"https:\/\/api.w.org\/{rel}","templated":true}]}}