{"id":45517,"date":"2026-01-05T19:18:31","date_gmt":"2026-01-06T00:18:31","guid":{"rendered":"https:\/\/ambientestereo.fm\/sitio\/?p=45517"},"modified":"2026-01-05T19:18:33","modified_gmt":"2026-01-06T00:18:33","slug":"delcy-rodriguez-fue-investida-como-presidente-de-venezuela","status":"publish","type":"post","link":"https:\/\/ambientestereo.fm\/sitio\/noticias\/delcy-rodriguez-fue-investida-como-presidente-de-venezuela\/","title":{"rendered":"Delcy Rodr\u00edguez fue investida como presidente de Venezuela"},"content":{"rendered":"\n<p class=\"wp-block-paragraph\">Delcy Rodr\u00edguez fue investida como presidente ejecutiva encargada de la Rep\u00fablica Bolivariana de Venezuela, ante la ausencia de Nicol\u00e1s Maduro, que fue capturado junto a su esposa por Estados Unidos en una operaci\u00f3n militar.<\/p>\n\n\n\n<p class=\"wp-block-paragraph\">\u201cVengo con dolor por el secuestro de dos h\u00e9roes que tenemos de rehenes en los Estados Unidos\u201d, dijo Rodr\u00edguez en su juramento. \u201cVengo tambi\u00e9n con honor a jurar en nombre de todos los venezolanos\u201d.<\/p>\n\n\n\n<p class=\"wp-block-paragraph\">Rodr\u00edguez era la vicepresidente de Maduro y primera en la l\u00ednea de sucesi\u00f3n. La corte suprema le orden\u00f3 asumir el cargo por 90 d\u00edas prorrogables.<\/p>\n\n\n\n<p class=\"wp-block-paragraph\">Su hermano, el jefe del Parlamento, Jorge Rodr\u00edguez, presidi\u00f3 el acto de investidura. El hijo de Maduro, el tambi\u00e9n diputado Nicol\u00e1s Maduro Guerra, sostuvo la Constituci\u00f3n sobre la cual la presidenta interina jur\u00f3.<\/p>\n\n\n\n<p class=\"wp-block-paragraph\">Rodr\u00edguez dijo que asume el cargo en \u201choras terribles de amenaza contra la estabilidad y la paz de la naci\u00f3n\u201d.<\/p>\n\n\n\n<p class=\"wp-block-paragraph\">Adem\u00e1s, militares rindieron honores a la presidente interina al terminar la ceremonia.<\/p>\n\n\n\n<p class=\"wp-block-paragraph\">El hijo de Nicol\u00e1s Maduro Moros, Nicol\u00e1s Maduro Guerra expres\u00f3 su \u201capoyo incondicional\u201d a la presidente interina y augur\u00f3 igualmente que \u201cm\u00e1s temprano que tarde\u201d su padre y Flores \u201cvolver\u00e1n\u201d a Venezuela.<\/p>\n\n\n\n<p class=\"wp-block-paragraph\">\u201cCuenta conmigo\u201d, dijo el parlamentario, conocido popularmente como \u201cNicolasito\u201d, a Rodr\u00edguez. \u201cLa patria est\u00e1 en buenas manos, pap\u00e1, y pronto nos vamos a abrazar aqu\u00ed en Venezuela\u201d, exclam\u00f3 lloroso.<\/p>\n\n\n\n<p class=\"wp-block-paragraph\">La mayor\u00eda absoluta de la Asamblea Nacional reeligi\u00f3 a Jorge Rodr\u00edguez como su presidente.<\/p>\n\n\n\n<p class=\"wp-block-paragraph\">Fuente: EL COLOMBIANO<\/p>\n","protected":false},"excerpt":{"rendered":"<p>Delcy Rodr\u00edguez fue investida como presidente ejecutiva encargada de la Rep\u00fablica Bolivariana de Venezuela, ante&#8230;<\/p>\n","protected":false},"author":6,"featured_media":45483,"comment_status":"closed","ping_status":"closed","sticky":false,"template":"","format":"standard","meta":{"_acf_changed":false,"footnotes":""},"categories":[412,287],"tags":[],"class_list":["post-45517","post","type-post","status-publish","format-standard","has-post-thumbnail","hentry","category-destacado","category-noticias"],"acf":[],"comment_count":0,"featured_image_url":"https:\/\/ambientestereo.fm\/sitio\/wp-content\/uploads\/2026\/01\/Delcy_Rodriguez.jpg","thumbnail":"https:\/\/ambientestereo.fm\/sitio\/wp-content\/uploads\/2026\/01\/Delcy_Rodriguez-150x150.jpg","_links":{"self":[{"href":"https:\/\/ambientestereo.fm\/sitio\/wp-json\/wp\/v2\/posts\/45517","targetHints":{"allow":["GET"]}}],"collection":[{"href":"https:\/\/ambientestereo.fm\/sitio\/wp-json\/wp\/v2\/posts"}],"about":[{"href":"https:\/\/ambientestereo.fm\/sitio\/wp-json\/wp\/v2\/types\/post"}],"author":[{"embeddable":true,"href":"https:\/\/ambientestereo.fm\/sitio\/wp-json\/wp\/v2\/users\/6"}],"replies":[{"embeddable":true,"href":"https:\/\/ambientestereo.fm\/sitio\/wp-json\/wp\/v2\/comments?post=45517"}],"version-history":[{"count":1,"href":"https:\/\/ambientestereo.fm\/sitio\/wp-json\/wp\/v2\/posts\/45517\/revisions"}],"predecessor-version":[{"id":45518,"href":"https:\/\/ambientestereo.fm\/sitio\/wp-json\/wp\/v2\/posts\/45517\/revisions\/45518"}],"wp:featuredmedia":[{"embeddable":true,"href":"https:\/\/ambientestereo.fm\/sitio\/wp-json\/wp\/v2\/media\/45483"}],"wp:attachment":[{"href":"https:\/\/ambientestereo.fm\/sitio\/wp-json\/wp\/v2\/media?parent=45517"}],"wp:term":[{"taxonomy":"category","embeddable":true,"href":"https:\/\/ambientestereo.fm\/sitio\/wp-json\/wp\/v2\/categories?post=45517"},{"taxonomy":"post_tag","embeddable":true,"href":"https:\/\/ambientestereo.fm\/sitio\/wp-json\/wp\/v2\/tags?post=45517"}],"curies":[{"name":"wp","href":"https:\/\/api.w.org\/{rel}","templated":true}]}}