{"id":45758,"date":"2026-01-21T01:00:00","date_gmt":"2026-01-21T06:00:00","guid":{"rendered":"https:\/\/ambientestereo.fm\/sitio\/?p=45758"},"modified":"2026-01-21T13:46:12","modified_gmt":"2026-01-21T18:46:12","slug":"preparan-decreto-para-nacionalizar-ahorro-pensional","status":"publish","type":"post","link":"https:\/\/ambientestereo.fm\/sitio\/noticias\/preparan-decreto-para-nacionalizar-ahorro-pensional\/","title":{"rendered":"Decreto para nacionalizar ahorro pensional"},"content":{"rendered":"\n<p class=\"wp-block-paragraph\">El Gobierno Nacional, a trav\u00e9s del Ministerio de Hacienda y Cr\u00e9dito P\u00fablico, dio a conocer el decreto con el que busca nacionalizar el ahorro pensional en Colombia.<\/p>\n\n\n\n<p class=\"wp-block-paragraph\">Entre las novedades de la medida, se destaca que en un plazo m\u00e1ximo de cinco a\u00f1os se deber\u00e1n bajar los fondos invertidos al 30%.<\/p>\n\n\n\n<p class=\"wp-block-paragraph\">Dentro de los l\u00edmites tambi\u00e9n se establece un plazo de tres a\u00f1os para que la reducci\u00f3n sea del 35%. Actualmente est\u00e1n en el 49%.<br>Seg\u00fan se menciona en el decreto, la medida cobija a todas las inversiones hechas por cada una de las Administradoras de Fondos de Pensi\u00f3n (AFP) por cuenta de los cuatro tipos de fondos de pensiones obligatorias del r\u00e9gimen de ahorro individual con solidaridad.<\/p>\n\n\n\n<p class=\"wp-block-paragraph\">A esto se le suma que las AFP tendr\u00e1n que remitir a la Superintendencia Financiera, \u00abpara efectos de su seguimiento y supervisi\u00f3n\u00bb, un plan de ajuste con fines informativos, orientado a la implementaci\u00f3n gradual de dicho l\u00edmite y al cumplimiento de las reducciones.<br>\u00abDicho plan deber\u00e1 contemplar, como m\u00ednimo, los criterios y medidas adoptadas para garantizar la seguridad, rentabilidad y liquidez de los recursos administrados, en el marco de las decisiones de inversi\u00f3n, as\u00ed como los mecanismos de gesti\u00f3n integral de riesgos que resulten aplicables\u00bb, menciona el articulado.<\/p>\n\n\n\n<p class=\"wp-block-paragraph\">En el proyecto se menciona que, con la intenci\u00f3n de facilitar el cumplimiento del l\u00edmite global de inversi\u00f3n de activos en el eteror por parte de las AFP y \u00abpromover la canalizaci\u00f3n del ahorro pensional hacia proyectos de inversi\u00f3n p\u00fablicos y\/o privados en el territorio nacional\u00bb, el Ministerio de Hacienda podr\u00e1 promover la creaci\u00f3n de un banco de proyectos de inversi\u00f3n con \u00abenfoque productivo\u00bb a trav\u00e9s de cualquiera de los activos admisibles del r\u00e9gimen de inversi\u00f3n de los fondos.<br>De igual manera, menciona que la cartera \u00abpodr\u00e1 convocar y coordinar mesas interinstitucionales con la participaci\u00f3n de las AFP, representantes del sector privado, y entidades p\u00fablicas, con el prop\u00f3sito de articular esfuerzos, identificar oportunidades y facilitar la estructuraci\u00f3n de nuevos proyectos de inversi\u00f3n en el territorio nacional con enfoque productivo, as\u00ed como definir los veh\u00edculos financieros m\u00e1s adecuados para su canalizaci\u00f3n\u00bb.<\/p>\n\n\n\n<p class=\"wp-block-paragraph\">El articulado del Ministerio de Hacienda se\u00f1ala que, dado el caso en que las administradoras incumplan con los l\u00edmites globales de inversi\u00f3n, deber\u00e1n crear un documento t\u00e9cnico en el que soporten las razones por las cuales no lograron la meta establecida dentro del plazo establecido, en caso de que existan \u00abrazones objetivas\u00bb.<br>\u00abEste documento debe quedar a disposici\u00f3n de la Superintendencia Financiera de Colombia y dem\u00e1s autoridades competentes\u00bb, se indica en el proyecto de decreto.<\/p>\n\n\n\n<p class=\"wp-block-paragraph\">Fuente: PORTAFOLIO<\/p>\n","protected":false},"excerpt":{"rendered":"<p>El Gobierno Nacional, a trav\u00e9s del Ministerio de Hacienda y Cr\u00e9dito P\u00fablico, dio a conocer&#8230;<\/p>\n","protected":false},"author":6,"featured_media":45079,"comment_status":"closed","ping_status":"closed","sticky":false,"template":"","format":"standard","meta":{"_acf_changed":false,"footnotes":""},"categories":[412,287],"tags":[],"class_list":["post-45758","post","type-post","status-publish","format-standard","has-post-thumbnail","hentry","category-destacado","category-noticias"],"acf":[],"comment_count":0,"featured_image_url":"https:\/\/ambientestereo.fm\/sitio\/wp-content\/uploads\/2025\/12\/dinero-1.jpg","thumbnail":"https:\/\/ambientestereo.fm\/sitio\/wp-content\/uploads\/2025\/12\/dinero-1-150x150.jpg","_links":{"self":[{"href":"https:\/\/ambientestereo.fm\/sitio\/wp-json\/wp\/v2\/posts\/45758","targetHints":{"allow":["GET"]}}],"collection":[{"href":"https:\/\/ambientestereo.fm\/sitio\/wp-json\/wp\/v2\/posts"}],"about":[{"href":"https:\/\/ambientestereo.fm\/sitio\/wp-json\/wp\/v2\/types\/post"}],"author":[{"embeddable":true,"href":"https:\/\/ambientestereo.fm\/sitio\/wp-json\/wp\/v2\/users\/6"}],"replies":[{"embeddable":true,"href":"https:\/\/ambientestereo.fm\/sitio\/wp-json\/wp\/v2\/comments?post=45758"}],"version-history":[{"count":2,"href":"https:\/\/ambientestereo.fm\/sitio\/wp-json\/wp\/v2\/posts\/45758\/revisions"}],"predecessor-version":[{"id":45767,"href":"https:\/\/ambientestereo.fm\/sitio\/wp-json\/wp\/v2\/posts\/45758\/revisions\/45767"}],"wp:featuredmedia":[{"embeddable":true,"href":"https:\/\/ambientestereo.fm\/sitio\/wp-json\/wp\/v2\/media\/45079"}],"wp:attachment":[{"href":"https:\/\/ambientestereo.fm\/sitio\/wp-json\/wp\/v2\/media?parent=45758"}],"wp:term":[{"taxonomy":"category","embeddable":true,"href":"https:\/\/ambientestereo.fm\/sitio\/wp-json\/wp\/v2\/categories?post=45758"},{"taxonomy":"post_tag","embeddable":true,"href":"https:\/\/ambientestereo.fm\/sitio\/wp-json\/wp\/v2\/tags?post=45758"}],"curies":[{"name":"wp","href":"https:\/\/api.w.org\/{rel}","templated":true}]}}