{"id":46712,"date":"2026-03-13T01:55:00","date_gmt":"2026-03-13T06:55:00","guid":{"rendered":"https:\/\/ambientestereo.fm\/sitio\/?p=46712"},"modified":"2026-03-12T21:17:42","modified_gmt":"2026-03-13T02:17:42","slug":"delcy-rodriguez-cancelo-reunion-con-gustavo-petro","status":"publish","type":"post","link":"https:\/\/ambientestereo.fm\/sitio\/noticias\/delcy-rodriguez-cancelo-reunion-con-gustavo-petro\/","title":{"rendered":"Delcy Rodr\u00edguez cancel\u00f3 reuni\u00f3n con Gustavo Petro"},"content":{"rendered":"\n<p class=\"wp-block-paragraph\">Esgrimiendo razones de seguridad, la l\u00edder del r\u00e9gimen venezolano Delcy Rodr\u00edguez, cancel\u00f3 a \u00faltimo momento la reuni\u00f3n que ten\u00eda pactada con el presidente colombiano Gustavo Petro en la zona de frontera en Norte de Santander.<\/p>\n\n\n\n<p class=\"wp-block-paragraph\">La decisi\u00f3n fue tomada de manera unilateral por el Palacio de Miraflores y ya fue notificada al Gobierno colombiano, lo que oblig\u00f3 a suspender el encuentro que estaba programado para este viernes 13 de marzo en el \u00e1rea fronteriza entre C\u00facuta y el estado venezolano de T\u00e1chira.<\/p>\n\n\n\n<p class=\"wp-block-paragraph\">El presidente Gustavo Petro, ten\u00eda previsto reunirse por primera vez con la l\u00edder encargada del r\u00e9gimen de Venezuela. Aunque la fecha del encuentro cambi\u00f3 frente a lo que ya se hab\u00eda planteado en un inicio, el lugar iba a ser el municipio de Villa del Rosario, ubicado muy cerca de la localidad venezolana de San Antonio del T\u00e1chira. All\u00ed tambi\u00e9n se encuentra el Puente Internacional Sim\u00f3n Bol\u00edvar, considerado el paso comercial m\u00e1s importante entre las dos naciones.<\/p>\n\n\n\n<p class=\"wp-block-paragraph\">El pasado 18 de febrero, Rodr\u00edguez hab\u00eda confirmado que sostuvo una llamada con Petro y que ambos hab\u00edan acordado realizar un encuentro binacional entre jefes de Estado. D\u00edas despu\u00e9s, el ministro de Minas y Energ\u00eda de Colombia, Edwin Palma, viaj\u00f3 a Caracas y se reuni\u00f3 con la dirigente venezolana para poder avanzar en la preparaci\u00f3n de la cita.<\/p>\n\n\n\n<p class=\"wp-block-paragraph\">La reuni\u00f3n entre los mandatarios ten\u00eda varios temas a discutir, pero hab\u00eda tres temas principales en la agenda; el abastecimiento energ\u00e9tico, la cooperaci\u00f3n econ\u00f3mica entre empresas y la seguridad en la frontera.<\/p>\n\n\n\n<p class=\"wp-block-paragraph\">La cancelaci\u00f3n se produjo cuando ya se adelantaban preparativos log\u00edsticos en la zona de frontera, donde se esperaba un amplio dispositivo de seguridad y la presencia de delegaciones de ambos pa\u00edses para discutir la agenda bilateral.<\/p>\n\n\n\n<p class=\"wp-block-paragraph\">De hecho, el puente internacional Atanasio Girardot, conocido c\u00f3mo tienditas hab\u00eda sido cerrado de manera preventiva.<\/p>\n\n\n\n<p class=\"wp-block-paragraph\">Por ahora, las autoridades de los dos gobiernos mantienen abiertos los canales diplom\u00e1ticos para definir cu\u00e1ndo y d\u00f3nde podr\u00eda concretarse finalmente la reuni\u00f3n entre el presidente Gustavo Petro y la l\u00edder venezolana.<\/p>\n\n\n\n<p class=\"wp-block-paragraph\">Fuente: La FM<\/p>\n","protected":false},"excerpt":{"rendered":"<p>Esgrimiendo razones de seguridad, la l\u00edder del r\u00e9gimen venezolano Delcy Rodr\u00edguez, cancel\u00f3 a \u00faltimo momento&#8230;<\/p>\n","protected":false},"author":6,"featured_media":45584,"comment_status":"closed","ping_status":"closed","sticky":false,"template":"","format":"standard","meta":{"_acf_changed":false,"footnotes":""},"categories":[412,287],"tags":[],"class_list":["post-46712","post","type-post","status-publish","format-standard","has-post-thumbnail","hentry","category-destacado","category-noticias"],"acf":[],"comment_count":0,"featured_image_url":"https:\/\/ambientestereo.fm\/sitio\/wp-content\/uploads\/2026\/01\/Delcy_Rodriguez-1.jpg","thumbnail":"https:\/\/ambientestereo.fm\/sitio\/wp-content\/uploads\/2026\/01\/Delcy_Rodriguez-1-150x150.jpg","_links":{"self":[{"href":"https:\/\/ambientestereo.fm\/sitio\/wp-json\/wp\/v2\/posts\/46712","targetHints":{"allow":["GET"]}}],"collection":[{"href":"https:\/\/ambientestereo.fm\/sitio\/wp-json\/wp\/v2\/posts"}],"about":[{"href":"https:\/\/ambientestereo.fm\/sitio\/wp-json\/wp\/v2\/types\/post"}],"author":[{"embeddable":true,"href":"https:\/\/ambientestereo.fm\/sitio\/wp-json\/wp\/v2\/users\/6"}],"replies":[{"embeddable":true,"href":"https:\/\/ambientestereo.fm\/sitio\/wp-json\/wp\/v2\/comments?post=46712"}],"version-history":[{"count":1,"href":"https:\/\/ambientestereo.fm\/sitio\/wp-json\/wp\/v2\/posts\/46712\/revisions"}],"predecessor-version":[{"id":46713,"href":"https:\/\/ambientestereo.fm\/sitio\/wp-json\/wp\/v2\/posts\/46712\/revisions\/46713"}],"wp:featuredmedia":[{"embeddable":true,"href":"https:\/\/ambientestereo.fm\/sitio\/wp-json\/wp\/v2\/media\/45584"}],"wp:attachment":[{"href":"https:\/\/ambientestereo.fm\/sitio\/wp-json\/wp\/v2\/media?parent=46712"}],"wp:term":[{"taxonomy":"category","embeddable":true,"href":"https:\/\/ambientestereo.fm\/sitio\/wp-json\/wp\/v2\/categories?post=46712"},{"taxonomy":"post_tag","embeddable":true,"href":"https:\/\/ambientestereo.fm\/sitio\/wp-json\/wp\/v2\/tags?post=46712"}],"curies":[{"name":"wp","href":"https:\/\/api.w.org\/{rel}","templated":true}]}}