{"id":46714,"date":"2026-03-13T01:00:00","date_gmt":"2026-03-13T06:00:00","guid":{"rendered":"https:\/\/ambientestereo.fm\/sitio\/?p=46714"},"modified":"2026-03-16T19:44:30","modified_gmt":"2026-03-17T00:44:30","slug":"partido-conservador-deja-la-carrera-presidencial","status":"publish","type":"post","link":"https:\/\/ambientestereo.fm\/sitio\/noticias\/partido-conservador-deja-la-carrera-presidencial\/","title":{"rendered":"Partido Conservador deja la carrera presidencial"},"content":{"rendered":"\n<p class=\"wp-block-paragraph\">El tradicional Partido Conservador confirm\u00f3 que no presentar\u00e1 candidato propio para las elecciones presidenciales de 2026, una decisi\u00f3n que provoc\u00f3 sorpresa en el panorama pol\u00edtico nacional. La colectividad, con m\u00e1s de un siglo de historia en la pol\u00edtica colombiana, opt\u00f3 por evaluar alternativas de respaldo a aspirantes ya inscritos en la contienda.<\/p>\n\n\n\n<p class=\"wp-block-paragraph\">El Directorio Nacional de la agrupaci\u00f3n tom\u00f3 la decisi\u00f3n de tener como prioridad influir en la elecci\u00f3n desde la perspectiva de alianzas estrat\u00e9gicas.<\/p>\n\n\n\n<p class=\"wp-block-paragraph\">Adem\u00e1s, se conoci\u00f3 que el presidente del partido, el senador Efra\u00edn Cepeda, recibi\u00f3 la autorizaci\u00f3n para iniciar acercamientos con algunos de los candidatos m\u00e1s destacados que ya formalizaron su inscripci\u00f3n; entre ellos se encuentran Paloma Valencia, con su f\u00f3rmula Juan Daniel Oviedo, y Abelardo de la Espriella, con su f\u00f3rmula Jos\u00e9 Manuel Restrepo, figuras que podr\u00edan recibir el respaldo oficial del Conservador en caso de concretarse un acuerdo.<\/p>\n\n\n\n<p class=\"wp-block-paragraph\">Aunque varios miembros del partido, incluyendo a la representante Juana Carolina Londo\u00f1o, el exministro de Agricultura Rub\u00e9n Dar\u00edo Lizarralde, el coronel Carlos Vel\u00e1squez y el senador Efra\u00edn Cepeda, hab\u00edan mostrado su intenci\u00f3n de postularse, la colectividad opt\u00f3 por no tener un candidato propio para las elecciones presidenciales de 2026.<\/p>\n\n\n\n<p class=\"wp-block-paragraph\">La decisi\u00f3n se produce mientras los candidatos oficializan sus postulaciones ante la Registradur\u00eda con sus respectivas f\u00f3rmulas.<\/p>\n\n\n\n<p class=\"wp-block-paragraph\">De esta manera, el partido mantiene su l\u00ednea ideol\u00f3gica, teniendo en cuenta que existen otras inscripciones relevantes entre las que sus miembros deber\u00e1n decidir, con la que reafirmaron su pertenencia a la corriente conservadora.<\/p>\n\n\n\n<p class=\"wp-block-paragraph\">Aunque Efra\u00edn Cepeda aparec\u00eda como el nombre m\u00e1s visible para representar al partido en esta contienda, finalmente la colectividad decidi\u00f3 no presentar un candidato propio. Aunque no se conoce la raz\u00f3n oficial de esta decisi\u00f3n, circulan rumores que la vinculan con un caso de corrupci\u00f3n que involucr\u00f3 a uno de sus miembros.<\/p>\n\n\n\n<p class=\"wp-block-paragraph\">Wadith Alberto Manzur, representante a la C\u00e1mara por el Partido Conservador, fue requerido por la Corte Suprema de Justicia, luego de ser reelegido con una votaci\u00f3n destacada el 8 de marzo. La orden de captura, emitida el mi\u00e9rcoles 11 de marzo, dej\u00f3 una marca negativa en la colectividad pol\u00edtica.<\/p>\n\n\n\n<p class=\"wp-block-paragraph\">La Sala de Instrucci\u00f3n de la Corte investiga a Manzur por presunto cohecho impropio, vinculado con actos realizados durante su ejercicio como congresista. Seg\u00fan el expediente, estar\u00eda involucrado en un esquema de corrupci\u00f3n relacionado con la Unidad Nacional para la Gesti\u00f3n del Riesgo de Desastres (Ungrd). Entre las acusaciones figura el intercambio de favores, al aprobar cr\u00e9ditos y cupos de endeudamiento para el Gobierno nacional de Gustavo Petro a cambio del direccionamiento de contratos.<\/p>\n\n\n\n<p class=\"wp-block-paragraph\">La investigaci\u00f3n tambi\u00e9n se\u00f1ala proyectos espec\u00edficos; se conoci\u00f3 que, por su voto favorable en la Comisi\u00f3n de Cr\u00e9dito P\u00fablico, se habr\u00edan gestionado contratos de obras e interventor\u00edas en Cotorra (C\u00f3rdoba), El Salado (Bol\u00edvar) y Saravena (Arauca), por montos que superar\u00edan los $80.000 millones.<\/p>\n\n\n\n<p class=\"wp-block-paragraph\">Las declaraciones de Olmedo L\u00f3pez y Sneyder Pinilla, exdirector y exsubdirector de la Ungrd, respectivamente, fueron determinantes para que la Corte considerara que hab\u00eda pruebas suficientes para garantizar su detenci\u00f3n.<\/p>\n\n\n\n<p class=\"wp-block-paragraph\">A diferencia de otros congresistas investigados, a Manzur se le impuso medida de aseguramiento en centro carcelario, bajo el argumento de que su libertad podr\u00eda afectar el proceso o a la sociedad, por lo que el congresista se entreg\u00f3 voluntariamente a las autoridades en el b\u00fanker de la Fiscal\u00eda el 12 de marzo, reiterando que es inocente y que conf\u00eda en la justicia.<\/p>\n\n\n\n<p class=\"wp-block-paragraph\">Fuente: INFOBAE<\/p>\n","protected":false},"excerpt":{"rendered":"<p>El tradicional Partido Conservador confirm\u00f3 que no presentar\u00e1 candidato propio para las elecciones presidenciales de&#8230;<\/p>\n","protected":false},"author":6,"featured_media":40148,"comment_status":"closed","ping_status":"closed","sticky":false,"template":"","format":"standard","meta":{"_acf_changed":false,"footnotes":""},"categories":[287,413],"tags":[],"class_list":["post-46714","post","type-post","status-publish","format-standard","has-post-thumbnail","hentry","category-noticias","category-tendencia"],"acf":[],"comment_count":0,"featured_image_url":"https:\/\/ambientestereo.fm\/sitio\/wp-content\/uploads\/2025\/04\/Efrain_Cepeda_2.jpg","thumbnail":"https:\/\/ambientestereo.fm\/sitio\/wp-content\/uploads\/2025\/04\/Efrain_Cepeda_2-150x150.jpg","_links":{"self":[{"href":"https:\/\/ambientestereo.fm\/sitio\/wp-json\/wp\/v2\/posts\/46714","targetHints":{"allow":["GET"]}}],"collection":[{"href":"https:\/\/ambientestereo.fm\/sitio\/wp-json\/wp\/v2\/posts"}],"about":[{"href":"https:\/\/ambientestereo.fm\/sitio\/wp-json\/wp\/v2\/types\/post"}],"author":[{"embeddable":true,"href":"https:\/\/ambientestereo.fm\/sitio\/wp-json\/wp\/v2\/users\/6"}],"replies":[{"embeddable":true,"href":"https:\/\/ambientestereo.fm\/sitio\/wp-json\/wp\/v2\/comments?post=46714"}],"version-history":[{"count":1,"href":"https:\/\/ambientestereo.fm\/sitio\/wp-json\/wp\/v2\/posts\/46714\/revisions"}],"predecessor-version":[{"id":46715,"href":"https:\/\/ambientestereo.fm\/sitio\/wp-json\/wp\/v2\/posts\/46714\/revisions\/46715"}],"wp:featuredmedia":[{"embeddable":true,"href":"https:\/\/ambientestereo.fm\/sitio\/wp-json\/wp\/v2\/media\/40148"}],"wp:attachment":[{"href":"https:\/\/ambientestereo.fm\/sitio\/wp-json\/wp\/v2\/media?parent=46714"}],"wp:term":[{"taxonomy":"category","embeddable":true,"href":"https:\/\/ambientestereo.fm\/sitio\/wp-json\/wp\/v2\/categories?post=46714"},{"taxonomy":"post_tag","embeddable":true,"href":"https:\/\/ambientestereo.fm\/sitio\/wp-json\/wp\/v2\/tags?post=46714"}],"curies":[{"name":"wp","href":"https:\/\/api.w.org\/{rel}","templated":true}]}}