{"id":46716,"date":"2026-03-13T01:40:00","date_gmt":"2026-03-13T06:40:00","guid":{"rendered":"https:\/\/ambientestereo.fm\/sitio\/?p=46716"},"modified":"2026-03-15T19:31:00","modified_gmt":"2026-03-16T00:31:00","slug":"petro-hablo-nuevamente-con-trump","status":"publish","type":"post","link":"https:\/\/ambientestereo.fm\/sitio\/noticias\/petro-hablo-nuevamente-con-trump\/","title":{"rendered":"Petro habl\u00f3 nuevamente con Trump"},"content":{"rendered":"\n<p class=\"wp-block-paragraph\">La Presidencia de la Rep\u00fablica inform\u00f3 que el primer mandatario de Colombia, Gustavo Petro, tuvo otra llamada telef\u00f3nica con el jefe de Estado de Estados Unidos, Donald Trump. De acuerdo con la Casa de Nari\u00f1o, los presidentes conversaron por 30 minutos, aproximadamente.<\/p>\n\n\n\n<p class=\"wp-block-paragraph\">En el di\u00e1logo que sostuvieron, abordaron temas de inter\u00e9s com\u00fan, como el uso de hidrocarburos, la energ\u00eda, la seguridad, los cultivos de uso il\u00edcito y su erradicaci\u00f3n, as\u00ed como la lucha contra el narcotr\u00e1fico, siendo esta una tarea conjunta de las naciones. De igual manera, hablaron sobre la reactivaci\u00f3n econ\u00f3mica en la frontera.<\/p>\n\n\n\n<p class=\"wp-block-paragraph\">La llamada deriv\u00f3 en una invitaci\u00f3n expresa que hizo el presidente Petro a su hom\u00f3logo en Estados Unidos para que visite Colombia.<\/p>\n\n\n\n<p class=\"wp-block-paragraph\">\u201cEl presidente colombiano extendi\u00f3 una invitaci\u00f3n a su hom\u00f3logo estadounidense para visitar Cartagena, la cual fue recibida con agrado. El presidente Trump, a su vez, reiter\u00f3 que el presidente Petro siempre ser\u00e1 bienvenido en los Estados Unidos y expres\u00f3 disculpas por alg\u00fan inconveniente previo relacionado con una invitaci\u00f3n a Miami\u201d, detall\u00f3 la Presidencia.<\/p>\n\n\n\n<p class=\"wp-block-paragraph\">En Miami se llev\u00f3 a cabo la Cumbre del Escudo de las Am\u00e9ricas y, seg\u00fan Trump, invit\u00f3 a Colombia, pero el primer mandatario no estuvo porque no recibi\u00f3 ninguna comunicaci\u00f3n, as\u00ed como tampoco la tuvieron M\u00e9xico y Brasil.<\/p>\n\n\n\n<p class=\"wp-block-paragraph\">\u201cCreo que hay otra vez un tel\u00e9fono roto (\u2026). Ni a Brasil ni a M\u00e9xico ni a Colombia, claves en una lucha contra el narcotr\u00e1fico, nos invitaron y no fu\u00e9 por voluntad del presidente Trump. Hay que rescatar la integraci\u00f3n latinoamericana y del caribe por encima de las diferencias ideol\u00f3gicas entre gobiernos\u201d, expres\u00f3 el presidente Petro en su cuenta de X.<\/p>\n\n\n\n<p class=\"wp-block-paragraph\">As\u00ed las cosas, Donald Trump agradeci\u00f3 al mandatario colombiano por la comunicaci\u00f3n que tuvieron y expres\u00f3 su inter\u00e9s en mantener el contacto.<\/p>\n\n\n\n<p class=\"wp-block-paragraph\">Fuente: INFOBAE<\/p>\n","protected":false},"excerpt":{"rendered":"<p>La Presidencia de la Rep\u00fablica inform\u00f3 que el primer mandatario de Colombia, Gustavo Petro, tuvo&#8230;<\/p>\n","protected":false},"author":6,"featured_media":40435,"comment_status":"closed","ping_status":"closed","sticky":false,"template":"","format":"standard","meta":{"_acf_changed":false,"footnotes":""},"categories":[287,413],"tags":[],"class_list":["post-46716","post","type-post","status-publish","format-standard","has-post-thumbnail","hentry","category-noticias","category-tendencia"],"acf":[],"comment_count":0,"featured_image_url":"https:\/\/ambientestereo.fm\/sitio\/wp-content\/uploads\/2025\/04\/Gustavo_Petro03-1.jpg","thumbnail":"https:\/\/ambientestereo.fm\/sitio\/wp-content\/uploads\/2025\/04\/Gustavo_Petro03-1-150x150.jpg","_links":{"self":[{"href":"https:\/\/ambientestereo.fm\/sitio\/wp-json\/wp\/v2\/posts\/46716","targetHints":{"allow":["GET"]}}],"collection":[{"href":"https:\/\/ambientestereo.fm\/sitio\/wp-json\/wp\/v2\/posts"}],"about":[{"href":"https:\/\/ambientestereo.fm\/sitio\/wp-json\/wp\/v2\/types\/post"}],"author":[{"embeddable":true,"href":"https:\/\/ambientestereo.fm\/sitio\/wp-json\/wp\/v2\/users\/6"}],"replies":[{"embeddable":true,"href":"https:\/\/ambientestereo.fm\/sitio\/wp-json\/wp\/v2\/comments?post=46716"}],"version-history":[{"count":1,"href":"https:\/\/ambientestereo.fm\/sitio\/wp-json\/wp\/v2\/posts\/46716\/revisions"}],"predecessor-version":[{"id":46717,"href":"https:\/\/ambientestereo.fm\/sitio\/wp-json\/wp\/v2\/posts\/46716\/revisions\/46717"}],"wp:featuredmedia":[{"embeddable":true,"href":"https:\/\/ambientestereo.fm\/sitio\/wp-json\/wp\/v2\/media\/40435"}],"wp:attachment":[{"href":"https:\/\/ambientestereo.fm\/sitio\/wp-json\/wp\/v2\/media?parent=46716"}],"wp:term":[{"taxonomy":"category","embeddable":true,"href":"https:\/\/ambientestereo.fm\/sitio\/wp-json\/wp\/v2\/categories?post=46716"},{"taxonomy":"post_tag","embeddable":true,"href":"https:\/\/ambientestereo.fm\/sitio\/wp-json\/wp\/v2\/tags?post=46716"}],"curies":[{"name":"wp","href":"https:\/\/api.w.org\/{rel}","templated":true}]}}