{"id":46718,"date":"2026-03-13T00:18:00","date_gmt":"2026-03-13T05:18:00","guid":{"rendered":"https:\/\/ambientestereo.fm\/sitio\/?p=46718"},"modified":"2026-03-12T23:48:02","modified_gmt":"2026-03-13T04:48:02","slug":"ivan-cepeda-se-reunio-con-lula-da-silva-en-brasil","status":"publish","type":"post","link":"https:\/\/ambientestereo.fm\/sitio\/noticias\/ivan-cepeda-se-reunio-con-lula-da-silva-en-brasil\/","title":{"rendered":"Iv\u00e1n Cepeda se reuni\u00f3 con Lula da Silva en Brasil"},"content":{"rendered":"\n<p class=\"wp-block-paragraph\">El candidato presidencial Iv\u00e1n Cepeda asegur\u00f3 que pudo transmitirle al mandatario brasile\u00f1o su admiraci\u00f3n y reconocimiento desde Colombia durante la reuni\u00f3n en el Palacio del Planalto.<\/p>\n\n\n\n<p class=\"wp-block-paragraph\">El candidato presidencial, Iv\u00e1n Cepeda, se refiri\u00f3 a la reuni\u00f3n que sostuvo en Brasilia con el presidente de Brasil, Luiz In\u00e1cio Lula da Silva, en el Palacio del Planalto.<\/p>\n\n\n\n<p class=\"wp-block-paragraph\">Tras el encuentro, el aspirante destac\u00f3 el di\u00e1logo sostenido con el mandatario brasile\u00f1o y resalt\u00f3 la importancia del intercambio pol\u00edtico entre ambos pa\u00edses.<\/p>\n\n\n\n<p class=\"wp-block-paragraph\">\u201cTuve el honor de reunirme con el presidente Lula da Silva. Pude transmitirle la admiraci\u00f3n y el reconocimiento que suscita en Colombia. Le agradezco este productivo encuentro\u201d, afirm\u00f3 Cepeda.<\/p>\n\n\n\n<p class=\"wp-block-paragraph\">El candidato no entreg\u00f3 mayores detalles sobre los temas abordados durante la reuni\u00f3n, pero el encuentro se da en medio de su agenda internacional en Brasil, en la que busca fortalecer relaciones y compartir visiones sobre la regi\u00f3n y el futuro pol\u00edtico de Am\u00e9rica Latina.<\/p>\n\n\n\n<p class=\"wp-block-paragraph\">Cepeda viaj\u00f3 a Brasil luego de haber inscrito su candidatura ante la Registradur\u00eda junto a Aida Quilcu\u00e9, quien ser\u00e1 su f\u00f3rmula vicepresidencial y refleja lo que quiere transmitir Cepeda, que es apelar a las ideas del Pacto Hist\u00f3rico y a las bases sociales que quieren representar.<\/p>\n\n\n\n<p class=\"wp-block-paragraph\">Fuentes: CARACOL RADIO -REVISTA SEMANA<\/p>\n","protected":false},"excerpt":{"rendered":"<p>El candidato presidencial Iv\u00e1n Cepeda asegur\u00f3 que pudo transmitirle al mandatario brasile\u00f1o su admiraci\u00f3n y&#8230;<\/p>\n","protected":false},"author":6,"featured_media":46719,"comment_status":"closed","ping_status":"closed","sticky":false,"template":"","format":"standard","meta":{"_acf_changed":false,"footnotes":""},"categories":[287,413],"tags":[],"class_list":["post-46718","post","type-post","status-publish","format-standard","has-post-thumbnail","hentry","category-noticias","category-tendencia"],"acf":[],"comment_count":0,"featured_image_url":"https:\/\/ambientestereo.fm\/sitio\/wp-content\/uploads\/2026\/03\/Ivan_Cepeda_Lula_Da_Silva.jpg","thumbnail":"https:\/\/ambientestereo.fm\/sitio\/wp-content\/uploads\/2026\/03\/Ivan_Cepeda_Lula_Da_Silva-150x150.jpg","_links":{"self":[{"href":"https:\/\/ambientestereo.fm\/sitio\/wp-json\/wp\/v2\/posts\/46718","targetHints":{"allow":["GET"]}}],"collection":[{"href":"https:\/\/ambientestereo.fm\/sitio\/wp-json\/wp\/v2\/posts"}],"about":[{"href":"https:\/\/ambientestereo.fm\/sitio\/wp-json\/wp\/v2\/types\/post"}],"author":[{"embeddable":true,"href":"https:\/\/ambientestereo.fm\/sitio\/wp-json\/wp\/v2\/users\/6"}],"replies":[{"embeddable":true,"href":"https:\/\/ambientestereo.fm\/sitio\/wp-json\/wp\/v2\/comments?post=46718"}],"version-history":[{"count":2,"href":"https:\/\/ambientestereo.fm\/sitio\/wp-json\/wp\/v2\/posts\/46718\/revisions"}],"predecessor-version":[{"id":46721,"href":"https:\/\/ambientestereo.fm\/sitio\/wp-json\/wp\/v2\/posts\/46718\/revisions\/46721"}],"wp:featuredmedia":[{"embeddable":true,"href":"https:\/\/ambientestereo.fm\/sitio\/wp-json\/wp\/v2\/media\/46719"}],"wp:attachment":[{"href":"https:\/\/ambientestereo.fm\/sitio\/wp-json\/wp\/v2\/media?parent=46718"}],"wp:term":[{"taxonomy":"category","embeddable":true,"href":"https:\/\/ambientestereo.fm\/sitio\/wp-json\/wp\/v2\/categories?post=46718"},{"taxonomy":"post_tag","embeddable":true,"href":"https:\/\/ambientestereo.fm\/sitio\/wp-json\/wp\/v2\/tags?post=46718"}],"curies":[{"name":"wp","href":"https:\/\/api.w.org\/{rel}","templated":true}]}}