{"id":46722,"date":"2026-03-13T10:26:10","date_gmt":"2026-03-13T15:26:10","guid":{"rendered":"https:\/\/ambientestereo.fm\/sitio\/?p=46722"},"modified":"2026-03-13T10:27:04","modified_gmt":"2026-03-13T15:27:04","slug":"diaz-canel-confirmo-conversaciones-con-ee-uu","status":"publish","type":"post","link":"https:\/\/ambientestereo.fm\/sitio\/noticias\/diaz-canel-confirmo-conversaciones-con-ee-uu\/","title":{"rendered":"Cuba confirm\u00f3 conversaciones con EE.UU."},"content":{"rendered":"\n<p class=\"wp-block-paragraph\">El presidente de Cuba, Miguel D\u00edaz-Canel, confirm\u00f3 a trav\u00e9s de un video transmitido este viernes 13 de marzo por la televisi\u00f3n nacional que funcionarios de su Gobierno dialogaron con Estados Unidos para buscar soluciones al embargo impuesto en la isla, que los cubanos consideran un bloqueo.<\/p>\n\n\n\n<p class=\"wp-block-paragraph\">\u201cHay factores internacionales que han facilitado estas conversaciones\u201d, dijo D\u00edaz-Canel. Adem\u00e1s, aclar\u00f3 que el prop\u00f3sito de estas conversaciones es, \u201cen primer lugar, identificar cu\u00e1les son los problemas bilaterales que necesitan una soluci\u00f3n\u201d.<\/p>\n\n\n\n<p class=\"wp-block-paragraph\">El mandatario detall\u00f3 que las conversaciones con EE.UU. fueron dirigidas por \u00e9l, junto con el expresidente Ra\u00fal Castro y algos cargos del Partido Comunista, aunque no detall\u00f3 qui\u00e9nes hab\u00edan participado por parte de Estados Unidos.<\/p>\n\n\n\n<p class=\"wp-block-paragraph\">La confirmaci\u00f3n de estos di\u00e1logos llega luego de que el propio Trump reiterara en varias ocasiones que Washington manten\u00eda di\u00e1logos con representantes cubanos, pero esta es la primera confirmaci\u00f3n desde Cuba.<\/p>\n\n\n\n<p class=\"wp-block-paragraph\">Posteriormente, en conferencia de prensa, D\u00edaz-Canel volvi\u00f3 a referirse al proceso de di\u00e1logo y se\u00f1al\u00f3: \u201cEsto es un proceso muy sensible que se aborda con responsabilidad y mucha sensibilidad\u201d.<\/p>\n\n\n\n<p class=\"wp-block-paragraph\">\u201cHemos expresado nuestra voluntad de continuar el proceso bajo los principios de la igualdad y el respeto a los sistemas pol\u00edticos de ambos pa\u00edses, a la soberan\u00eda y a la autodeterminaci\u00f3n\u201d.<\/p>\n\n\n\n<p class=\"wp-block-paragraph\">Tras la captura de Nicol\u00e1s Maduro en un operativo estadounidense en Caracas el pasado 3 de enero, Trump cort\u00f3 los env\u00edos de petr\u00f3leo venezolano a Cuba y amenaz\u00f3 con imponer aranceles a otros pa\u00edses que vendieran crudo a la isla. Esto fue generando un proceso de asfixia de alto impacto para los cubanos, provocando frecuentes apagones y escasez de combustible, sumados a la ya profunda crisis econ\u00f3mica.<\/p>\n\n\n\n<p class=\"wp-block-paragraph\">Sobre este punto, D\u00edaz-Canel explic\u00f3 c\u00f3mo su administraci\u00f3n est\u00e1 intentando paliar la situaci\u00f3n.<\/p>\n\n\n\n<p class=\"wp-block-paragraph\">\u201cEl impacto (del bloqueo) es tremendo. Se manifiesta m\u00e1s brutal en estos temas de energ\u00eda\u201d, dijo el mandatario. \u201cEso provoca angustia en la poblaci\u00f3n\u201d, reconoci\u00f3.<\/p>\n\n\n\n<p class=\"wp-block-paragraph\">Fuente: CNN<\/p>\n","protected":false},"excerpt":{"rendered":"<p>El presidente de Cuba, Miguel D\u00edaz-Canel, confirm\u00f3 a trav\u00e9s de un video transmitido este viernes&#8230;<\/p>\n","protected":false},"author":6,"featured_media":42141,"comment_status":"closed","ping_status":"closed","sticky":false,"template":"","format":"standard","meta":{"_acf_changed":false,"footnotes":""},"categories":[412,287],"tags":[],"class_list":["post-46722","post","type-post","status-publish","format-standard","has-post-thumbnail","hentry","category-destacado","category-noticias"],"acf":[],"comment_count":0,"featured_image_url":"https:\/\/ambientestereo.fm\/sitio\/wp-content\/uploads\/2025\/07\/Miguel-Diaz-Canel.jpg","thumbnail":"https:\/\/ambientestereo.fm\/sitio\/wp-content\/uploads\/2025\/07\/Miguel-Diaz-Canel-150x150.jpg","_links":{"self":[{"href":"https:\/\/ambientestereo.fm\/sitio\/wp-json\/wp\/v2\/posts\/46722","targetHints":{"allow":["GET"]}}],"collection":[{"href":"https:\/\/ambientestereo.fm\/sitio\/wp-json\/wp\/v2\/posts"}],"about":[{"href":"https:\/\/ambientestereo.fm\/sitio\/wp-json\/wp\/v2\/types\/post"}],"author":[{"embeddable":true,"href":"https:\/\/ambientestereo.fm\/sitio\/wp-json\/wp\/v2\/users\/6"}],"replies":[{"embeddable":true,"href":"https:\/\/ambientestereo.fm\/sitio\/wp-json\/wp\/v2\/comments?post=46722"}],"version-history":[{"count":2,"href":"https:\/\/ambientestereo.fm\/sitio\/wp-json\/wp\/v2\/posts\/46722\/revisions"}],"predecessor-version":[{"id":46724,"href":"https:\/\/ambientestereo.fm\/sitio\/wp-json\/wp\/v2\/posts\/46722\/revisions\/46724"}],"wp:featuredmedia":[{"embeddable":true,"href":"https:\/\/ambientestereo.fm\/sitio\/wp-json\/wp\/v2\/media\/42141"}],"wp:attachment":[{"href":"https:\/\/ambientestereo.fm\/sitio\/wp-json\/wp\/v2\/media?parent=46722"}],"wp:term":[{"taxonomy":"category","embeddable":true,"href":"https:\/\/ambientestereo.fm\/sitio\/wp-json\/wp\/v2\/categories?post=46722"},{"taxonomy":"post_tag","embeddable":true,"href":"https:\/\/ambientestereo.fm\/sitio\/wp-json\/wp\/v2\/tags?post=46722"}],"curies":[{"name":"wp","href":"https:\/\/api.w.org\/{rel}","templated":true}]}}