{"id":46725,"date":"2026-03-14T01:02:00","date_gmt":"2026-03-14T06:02:00","guid":{"rendered":"https:\/\/ambientestereo.fm\/sitio\/?p=46725"},"modified":"2026-03-13T21:39:29","modified_gmt":"2026-03-14T02:39:29","slug":"venezuela-anuncia-exportaciones-de-gas-a-colombia","status":"publish","type":"post","link":"https:\/\/ambientestereo.fm\/sitio\/noticias\/venezuela-anuncia-exportaciones-de-gas-a-colombia\/","title":{"rendered":"Venezuela anuncia exportaciones de gas a Colombia"},"content":{"rendered":"\n<p class=\"wp-block-paragraph\">Autoridades venezolanas y directivos de PDVSA encabezaron este viernes un acto protocolario en el Puente Internacional Sim\u00f3n Bol\u00edvar para anunciar el inicio de las exportaciones de gas licuado hacia Colombia, a trav\u00e9s de la frontera entre T\u00e1chira y Norte de Santander.<\/p>\n\n\n\n<p class=\"wp-block-paragraph\">Julio Rojas, presidente de PDVSA Gas Comunal, confirm\u00f3 que la log\u00edstica est\u00e1 dispuesta para el despacho inicial de tres veh\u00edculos tipo cisterna, cada uno con una capacidad aproximada de 31.800 litros. Se estima que, en esta primera fase, ingresen al territorio colombiano m\u00e1s de 90.000 litros del hidrocarburo.<\/p>\n\n\n\n<p class=\"wp-block-paragraph\">A pesar del despliegue en la aduana principal de San Antonio del T\u00e1chira, el evento no cont\u00f3 con la participaci\u00f3n del Ministerio de Minas y Energ\u00eda de Colombia. Cabe precisar que la cartera energ\u00e9tica colombiana suspendi\u00f3 tanto el acto de importaci\u00f3n como la rueda de prensa que se encontraban programados para la ma\u00f1ana de este 13 de marzo.<\/p>\n\n\n\n<p class=\"wp-block-paragraph\">Mientras que en el lado venezolano asistieron simpatizantes del oficialismo, en la zona fronteriza colombiana se registr\u00f3 una total ausencia de autoridades gubernamentales. No obstante, representantes de PDVSA indicaron que las primeras exportaciones efectivas podr\u00edan concretarse durante la pr\u00f3xima semana.<\/p>\n\n\n\n<p class=\"wp-block-paragraph\">Este anuncio se produce tras las declaraciones del Gobierno venezolano a mediados de 2025, cuando manifest\u00f3 su disposici\u00f3n para exportar gas hacia Colombia por primera vez. En dicho periodo, ambas naciones acordaron la creaci\u00f3n de una zona econ\u00f3mica binacional destinada a impulsar el comercio con \u00e9nfasis en la soberan\u00eda energ\u00e9tica.<\/p>\n\n\n\n<p class=\"wp-block-paragraph\">Fuente: La FM<\/p>\n","protected":false},"excerpt":{"rendered":"<p>Autoridades venezolanas y directivos de PDVSA encabezaron este viernes un acto protocolario en el Puente&#8230;<\/p>\n","protected":false},"author":6,"featured_media":46726,"comment_status":"closed","ping_status":"closed","sticky":false,"template":"","format":"standard","meta":{"_acf_changed":false,"footnotes":""},"categories":[412,287],"tags":[],"class_list":["post-46725","post","type-post","status-publish","format-standard","has-post-thumbnail","hentry","category-destacado","category-noticias"],"acf":[],"comment_count":0,"featured_image_url":"https:\/\/ambientestereo.fm\/sitio\/wp-content\/uploads\/2026\/03\/Gas_Venezuela.jpg","thumbnail":"https:\/\/ambientestereo.fm\/sitio\/wp-content\/uploads\/2026\/03\/Gas_Venezuela-150x150.jpg","_links":{"self":[{"href":"https:\/\/ambientestereo.fm\/sitio\/wp-json\/wp\/v2\/posts\/46725","targetHints":{"allow":["GET"]}}],"collection":[{"href":"https:\/\/ambientestereo.fm\/sitio\/wp-json\/wp\/v2\/posts"}],"about":[{"href":"https:\/\/ambientestereo.fm\/sitio\/wp-json\/wp\/v2\/types\/post"}],"author":[{"embeddable":true,"href":"https:\/\/ambientestereo.fm\/sitio\/wp-json\/wp\/v2\/users\/6"}],"replies":[{"embeddable":true,"href":"https:\/\/ambientestereo.fm\/sitio\/wp-json\/wp\/v2\/comments?post=46725"}],"version-history":[{"count":1,"href":"https:\/\/ambientestereo.fm\/sitio\/wp-json\/wp\/v2\/posts\/46725\/revisions"}],"predecessor-version":[{"id":46727,"href":"https:\/\/ambientestereo.fm\/sitio\/wp-json\/wp\/v2\/posts\/46725\/revisions\/46727"}],"wp:featuredmedia":[{"embeddable":true,"href":"https:\/\/ambientestereo.fm\/sitio\/wp-json\/wp\/v2\/media\/46726"}],"wp:attachment":[{"href":"https:\/\/ambientestereo.fm\/sitio\/wp-json\/wp\/v2\/media?parent=46725"}],"wp:term":[{"taxonomy":"category","embeddable":true,"href":"https:\/\/ambientestereo.fm\/sitio\/wp-json\/wp\/v2\/categories?post=46725"},{"taxonomy":"post_tag","embeddable":true,"href":"https:\/\/ambientestereo.fm\/sitio\/wp-json\/wp\/v2\/tags?post=46725"}],"curies":[{"name":"wp","href":"https:\/\/api.w.org\/{rel}","templated":true}]}}