{"id":46728,"date":"2026-03-14T01:55:00","date_gmt":"2026-03-14T06:55:00","guid":{"rendered":"https:\/\/ambientestereo.fm\/sitio\/?p=46728"},"modified":"2026-03-16T19:44:13","modified_gmt":"2026-03-17T00:44:13","slug":"condenaron-a-ivan-moreno-rojas","status":"publish","type":"post","link":"https:\/\/ambientestereo.fm\/sitio\/noticias\/condenaron-a-ivan-moreno-rojas\/","title":{"rendered":"Condenaron a Iv\u00e1n Moreno Rojas"},"content":{"rendered":"\n<p class=\"wp-block-paragraph\">La Sala de Primera Instancia de la Corte Suprema de Justicia conden\u00f3 a Iv\u00e1n Moreno Rojas, exsenador de la Rep\u00fablica, a cuatro a\u00f1os y tres meses de prisi\u00f3n por su participaci\u00f3n en el esquema de corrupci\u00f3n conocido como el \u201ccarrusel de la contrataci\u00f3n\u201d en Bogot\u00e1.<\/p>\n\n\n\n<p class=\"wp-block-paragraph\">La decisi\u00f3n, emitida el 11 de marzo de 2026 y recogida en la sentencia anticipada bajo la Ley 600 de 2000, establece adem\u00e1s una inhabilidad de igual duraci\u00f3n para ejercer funciones p\u00fablicas y el pago de una millonaria indemnizaci\u00f3n a favor del Distrito.<\/p>\n\n\n\n<p class=\"wp-block-paragraph\">Seg\u00fan la sentencia, Moreno Rojas fue hallado responsable de los delitos de inter\u00e9s indebido en la celebraci\u00f3n de contratos y peculado por apropiaci\u00f3n a favor de terceros agravado por la cuant\u00eda, con base en los art\u00edculos 409 y 397-2 del C\u00f3digo Penal.<\/p>\n\n\n\n<p class=\"wp-block-paragraph\">El fallo le impuso una multa de $880.802.287, que deber\u00e1 ser consignada al Tesoro Nacional.<\/p>\n\n\n\n<p class=\"wp-block-paragraph\">La investigaci\u00f3n judicial demostr\u00f3 que, durante el periodo en que Samuel Moreno Rojas fue alcalde de Bogot\u00e1 (2008-2011), su hermano, el entonces congresista N\u00e9stor Iv\u00e1n Moreno Rojas, utiliz\u00f3 su influencia para afectar la contrataci\u00f3n p\u00fablica en la ciudad.<\/p>\n\n\n\n<p class=\"wp-block-paragraph\">El expediente se\u00f1al\u00f3 que, a trav\u00e9s de terceros como H\u00e9ctor Julio G\u00f3mez Gonz\u00e1lez, Mercedes del Carmen R\u00edos Hern\u00e1ndez y Andr\u00e9s Alberto Cardona Laverde, Moreno intervino indebidamente en la adjudicaci\u00f3n de contratos, promoviendo la entrega de comisiones ilegales y favoreciendo a determinados contratistas. Parte de estos hechos se materializaron en convenios de asociaci\u00f3n con la Secretar\u00eda de Integraci\u00f3n Social, por montos superiores a los $51.877 millones.<\/p>\n\n\n\n<p class=\"wp-block-paragraph\">El tribunal tambi\u00e9n conden\u00f3 a Moreno Rojas a pagar una suma adicional por concepto de da\u00f1os y perjuicios a favor del Distrito, equivalente a $7.657.198.064, monto que deber\u00e1 ser actualizado al momento de su cancelaci\u00f3n. En el fallo, la magistrada Blanca N\u00e9lida Barreto Ardila dej\u00f3 constancia de que no habr\u00e1 condena en costas y se notific\u00f3 a las autoridades competentes para la ejecuci\u00f3n de la sentencia.<\/p>\n\n\n\n<p class=\"wp-block-paragraph\">La defensa del exsenador podr\u00e1 interponer recurso de apelaci\u00f3n ante la Sala de Casaci\u00f3n Penal de la Corte Suprema de Justicia. El tribunal neg\u00f3 la posibilidad de que Moreno Rojas acceda a mecanismos sustitutivos de suspensi\u00f3n condicional de la pena o prisi\u00f3n domiciliaria, por lo que la sentencia se cumplir\u00e1 en centro penitenciario bajo custodia del Inpec.<\/p>\n\n\n\n<p class=\"wp-block-paragraph\">Fuente: INFOBAE<\/p>\n","protected":false},"excerpt":{"rendered":"<p>La Sala de Primera Instancia de la Corte Suprema de Justicia conden\u00f3 a Iv\u00e1n Moreno&#8230;<\/p>\n","protected":false},"author":6,"featured_media":46729,"comment_status":"closed","ping_status":"closed","sticky":false,"template":"","format":"standard","meta":{"_acf_changed":false,"footnotes":""},"categories":[287,413],"tags":[],"class_list":["post-46728","post","type-post","status-publish","format-standard","has-post-thumbnail","hentry","category-noticias","category-tendencia"],"acf":[],"comment_count":0,"featured_image_url":"https:\/\/ambientestereo.fm\/sitio\/wp-content\/uploads\/2026\/03\/Ivan_Moreno_Rojas.jpg","thumbnail":"https:\/\/ambientestereo.fm\/sitio\/wp-content\/uploads\/2026\/03\/Ivan_Moreno_Rojas-150x150.jpg","_links":{"self":[{"href":"https:\/\/ambientestereo.fm\/sitio\/wp-json\/wp\/v2\/posts\/46728","targetHints":{"allow":["GET"]}}],"collection":[{"href":"https:\/\/ambientestereo.fm\/sitio\/wp-json\/wp\/v2\/posts"}],"about":[{"href":"https:\/\/ambientestereo.fm\/sitio\/wp-json\/wp\/v2\/types\/post"}],"author":[{"embeddable":true,"href":"https:\/\/ambientestereo.fm\/sitio\/wp-json\/wp\/v2\/users\/6"}],"replies":[{"embeddable":true,"href":"https:\/\/ambientestereo.fm\/sitio\/wp-json\/wp\/v2\/comments?post=46728"}],"version-history":[{"count":1,"href":"https:\/\/ambientestereo.fm\/sitio\/wp-json\/wp\/v2\/posts\/46728\/revisions"}],"predecessor-version":[{"id":46730,"href":"https:\/\/ambientestereo.fm\/sitio\/wp-json\/wp\/v2\/posts\/46728\/revisions\/46730"}],"wp:featuredmedia":[{"embeddable":true,"href":"https:\/\/ambientestereo.fm\/sitio\/wp-json\/wp\/v2\/media\/46729"}],"wp:attachment":[{"href":"https:\/\/ambientestereo.fm\/sitio\/wp-json\/wp\/v2\/media?parent=46728"}],"wp:term":[{"taxonomy":"category","embeddable":true,"href":"https:\/\/ambientestereo.fm\/sitio\/wp-json\/wp\/v2\/categories?post=46728"},{"taxonomy":"post_tag","embeddable":true,"href":"https:\/\/ambientestereo.fm\/sitio\/wp-json\/wp\/v2\/tags?post=46728"}],"curies":[{"name":"wp","href":"https:\/\/api.w.org\/{rel}","templated":true}]}}