{"id":46731,"date":"2026-03-14T00:32:00","date_gmt":"2026-03-14T05:32:00","guid":{"rendered":"https:\/\/ambientestereo.fm\/sitio\/?p=46731"},"modified":"2026-03-14T08:03:29","modified_gmt":"2026-03-14T13:03:29","slug":"ee-uu-refuerza-presencia-militar-en-medio-oriente","status":"publish","type":"post","link":"https:\/\/ambientestereo.fm\/sitio\/noticias\/ee-uu-refuerza-presencia-militar-en-medio-oriente\/","title":{"rendered":"EE.UU. refuerza presencia militar en Medio Oriente"},"content":{"rendered":"\n<p class=\"wp-block-paragraph\">El Pent\u00e1gono ha ordenado el despliegue de una nueva unidad expedicionaria de marines y varios buques de guerra en Oriente Medio, en respuesta al aumento de los ataques iran\u00edes en el Estrecho de Ormuz, seg\u00fan han confirmado funcionarios de defensa estadounidenses a medios como CBS, The Wall Street Journal, CNN, Fox News y Axios. El grupo expedicionario, liderado por el Oriente y compuesto por la 31.\u00aa Unidad Expedicionaria de Marines, el crucero lanzamisiles USS Robert Smalls y el destructor USS Rafael Peralta, suma aproximadamente 5.000 marines y marineros.<\/p>\n\n\n\n<p class=\"wp-block-paragraph\">El objetivo de este refuerzo es ofrecer opciones adicionales para operaciones militares en la regi\u00f3n, despu\u00e9s de que el Comando Central de Estados Unidos (CENTCOM) solicitara mayor capacidad operativa ante las acciones iran\u00edes en el Estrecho. Estas fuerzas est\u00e1n capacitadas para ejecutar evacuaciones a gran escala, operaciones anfibias y misiones especiales desde mar a tierra, as\u00ed como acciones de combate terrestre si as\u00ed se ordena, informaron fuentes del Pent\u00e1gono.<\/p>\n\n\n\n<p class=\"wp-block-paragraph\">El despliegue coincide con una ola de ataques iran\u00edes que ha paralizado el tr\u00e1fico mar\u00edtimo a trav\u00e9s de esta v\u00eda estrat\u00e9gica, encareciendo el precio global del petr\u00f3leo, el transporte y los seguros. Seg\u00fan inform\u00f3 el secretario del Tesoro, Scott Bessent, los costos derivados de estas interrupciones ya ascienden a 11.000 millones de d\u00f3lares para Estados Unidos. Bessent indic\u00f3 que podr\u00edan comenzar pronto los escoltas navales estadounidenses a buques comerciales en la zona. Antes de iniciar estos acompa\u00f1amientos, las fuerzas estadounidenses est\u00e1n planificando operaciones para neutralizar los misiles iran\u00edes antibuque desplegados en el \u00e1rea.<\/p>\n\n\n\n<p class=\"wp-block-paragraph\">La escalada militar estadounidense responde a la presi\u00f3n iran\u00ed sobre el comercio internacional y a la amenaza directa contra la navegaci\u00f3n. El propio secretario de Defensa, Pete Hegseth, afirm\u00f3 que el Pent\u00e1gono ejecutar\u00e1 una estrategia destinada a \u201cderrotar, destruir e inutilizar todas las capacidades militares significativas\u201d de Ir\u00e1n. Hegseth destac\u00f3 que Ir\u00e1n carece ya de fuerza a\u00e9rea funcional y que su marina ha sido destruida, y remarc\u00f3 que la capacidad iran\u00ed para reponer material b\u00e9lico est\u00e1 gravemente mermada.<\/p>\n\n\n\n<p class=\"wp-block-paragraph\">El presidente Donald Trump sostuvo que Estados Unidos est\u00e1 \u201cganando\u201d la guerra y celebr\u00f3 p\u00fablicamente las operaciones militares en curso. En un mensaje publicado la madrugada del viernes, Trump afirm\u00f3 que las fuerzas estadounidenses est\u00e1n \u201cdecimando misiles, drones y todo lo dem\u00e1s\u201d de Ir\u00e1n y subray\u00f3 el poder\u00edo militar de su pa\u00eds.<\/p>\n\n\n\n<p class=\"wp-block-paragraph\">El conflicto ha provocado un impacto directo en los mercados internacionales: el precio del barril de petr\u00f3leo super\u00f3 los 100 d\u00f3lares en el decimotercer d\u00eda de enfrentamientos, mientras las bolsas ca\u00edan en todo el mundo. Adem\u00e1s, el Departamento del Tesoro anunci\u00f3 que aliviar\u00e1 temporalmente las sanciones al petr\u00f3leo ruso, permitiendo durante el pr\u00f3ximo mes la entrega y venta de ciertos embarques de crudo y derivados.<\/p>\n\n\n\n<p class=\"wp-block-paragraph\">Fuente: INFOBAE<\/p>\n","protected":false},"excerpt":{"rendered":"<p>El Pent\u00e1gono ha ordenado el despliegue de una nueva unidad expedicionaria de marines y varios&#8230;<\/p>\n","protected":false},"author":6,"featured_media":45894,"comment_status":"closed","ping_status":"closed","sticky":false,"template":"","format":"standard","meta":{"_acf_changed":false,"footnotes":""},"categories":[287,413],"tags":[],"class_list":["post-46731","post","type-post","status-publish","format-standard","has-post-thumbnail","hentry","category-noticias","category-tendencia"],"acf":[],"comment_count":0,"featured_image_url":"https:\/\/ambientestereo.fm\/sitio\/wp-content\/uploads\/2026\/01\/portaaviones-USS-Abraham-Lincoln.jpg","thumbnail":"https:\/\/ambientestereo.fm\/sitio\/wp-content\/uploads\/2026\/01\/portaaviones-USS-Abraham-Lincoln-150x150.jpg","_links":{"self":[{"href":"https:\/\/ambientestereo.fm\/sitio\/wp-json\/wp\/v2\/posts\/46731","targetHints":{"allow":["GET"]}}],"collection":[{"href":"https:\/\/ambientestereo.fm\/sitio\/wp-json\/wp\/v2\/posts"}],"about":[{"href":"https:\/\/ambientestereo.fm\/sitio\/wp-json\/wp\/v2\/types\/post"}],"author":[{"embeddable":true,"href":"https:\/\/ambientestereo.fm\/sitio\/wp-json\/wp\/v2\/users\/6"}],"replies":[{"embeddable":true,"href":"https:\/\/ambientestereo.fm\/sitio\/wp-json\/wp\/v2\/comments?post=46731"}],"version-history":[{"count":1,"href":"https:\/\/ambientestereo.fm\/sitio\/wp-json\/wp\/v2\/posts\/46731\/revisions"}],"predecessor-version":[{"id":46732,"href":"https:\/\/ambientestereo.fm\/sitio\/wp-json\/wp\/v2\/posts\/46731\/revisions\/46732"}],"wp:featuredmedia":[{"embeddable":true,"href":"https:\/\/ambientestereo.fm\/sitio\/wp-json\/wp\/v2\/media\/45894"}],"wp:attachment":[{"href":"https:\/\/ambientestereo.fm\/sitio\/wp-json\/wp\/v2\/media?parent=46731"}],"wp:term":[{"taxonomy":"category","embeddable":true,"href":"https:\/\/ambientestereo.fm\/sitio\/wp-json\/wp\/v2\/categories?post=46731"},{"taxonomy":"post_tag","embeddable":true,"href":"https:\/\/ambientestereo.fm\/sitio\/wp-json\/wp\/v2\/tags?post=46731"}],"curies":[{"name":"wp","href":"https:\/\/api.w.org\/{rel}","templated":true}]}}