{"id":46734,"date":"2026-03-14T11:40:10","date_gmt":"2026-03-14T16:40:10","guid":{"rendered":"https:\/\/ambientestereo.fm\/sitio\/?p=46734"},"modified":"2026-03-14T13:16:00","modified_gmt":"2026-03-14T18:16:00","slug":"petro-impulsa-doble-nacionalidad-colombo-venezolana","status":"publish","type":"post","link":"https:\/\/ambientestereo.fm\/sitio\/noticias\/petro-impulsa-doble-nacionalidad-colombo-venezolana\/","title":{"rendered":"Petro impulsa nacionalidad colombo-venezolana"},"content":{"rendered":"\n<p class=\"wp-block-paragraph\">Luego de una reuni\u00f3n entre delegaciones de alto nivel de Colombia y Venezuela, que se realiz\u00f3 tras la cancelaci\u00f3n del encuentro entre Gustavo Petro y Delcy Rodr\u00edguez, el presidente colombiano dio detalles de lo que ser\u00e1 esta nueva etapa de relaciones entre los pa\u00edses vecinos.<\/p>\n\n\n\n<p class=\"wp-block-paragraph\">Seg\u00fan dijo el mandatario, habr\u00e1 una \u201cactividad coordinada \u00edntegramente\u201d para expulsar a los grupos armados y narcotraficantes de la frontera entre ambos pa\u00edses.<\/p>\n\n\n\n<p class=\"wp-block-paragraph\">Petro asegur\u00f3 que la zona binacional \u201cle pertenece a los pueblos y son el pilar fundamental de la integraci\u00f3n real de las dos rep\u00fablicas fundadas por Bolivar\u201d.<\/p>\n\n\n\n<p class=\"wp-block-paragraph\">Adem\u00e1s, propuso que se haga realidad la doble nacionalidad, para que los ciudadanos venezolanos tengan plenos derechos en territorio colombiano, y de la misma manera los ciudadanos colombianos en Venezuela.<\/p>\n\n\n\n<p class=\"wp-block-paragraph\">Tambi\u00e9n puso sobre la mesa establecer cero aranceles en toda la comercializaci\u00f3n binacional, y una integraci\u00f3n energ\u00e9tica plena \u201cpriorizando energ\u00edas limpias\u201d.<\/p>\n\n\n\n<p class=\"wp-block-paragraph\">Estaba programado que los mandatarios se reunieran este viernes en C\u00facuta, pero el evento se cancel\u00f3 abruptamente por \u201cmotivos de fuerza mayor\u201d, en la que iba a ser la primera salida internacional de Rodr\u00edguez como presidenta.<\/p>\n\n\n\n<p class=\"wp-block-paragraph\">Seg\u00fan un comunicado de los dos gobiernos, la decisi\u00f3n se tom\u00f3 de manera conjunta, aunque no explicaron en detalle los motivos.<\/p>\n\n\n\n<p class=\"wp-block-paragraph\">Fuente: CARACOL RADIO<\/p>\n","protected":false},"excerpt":{"rendered":"<p>Luego de una reuni\u00f3n entre delegaciones de alto nivel de Colombia y Venezuela, que se&#8230;<\/p>\n","protected":false},"author":6,"featured_media":41462,"comment_status":"closed","ping_status":"closed","sticky":false,"template":"","format":"standard","meta":{"_acf_changed":false,"footnotes":""},"categories":[412,287],"tags":[],"class_list":["post-46734","post","type-post","status-publish","format-standard","has-post-thumbnail","hentry","category-destacado","category-noticias"],"acf":[],"comment_count":0,"featured_image_url":"https:\/\/ambientestereo.fm\/sitio\/wp-content\/uploads\/2025\/06\/Gustavo_Petro.jpg","thumbnail":"https:\/\/ambientestereo.fm\/sitio\/wp-content\/uploads\/2025\/06\/Gustavo_Petro-150x150.jpg","_links":{"self":[{"href":"https:\/\/ambientestereo.fm\/sitio\/wp-json\/wp\/v2\/posts\/46734","targetHints":{"allow":["GET"]}}],"collection":[{"href":"https:\/\/ambientestereo.fm\/sitio\/wp-json\/wp\/v2\/posts"}],"about":[{"href":"https:\/\/ambientestereo.fm\/sitio\/wp-json\/wp\/v2\/types\/post"}],"author":[{"embeddable":true,"href":"https:\/\/ambientestereo.fm\/sitio\/wp-json\/wp\/v2\/users\/6"}],"replies":[{"embeddable":true,"href":"https:\/\/ambientestereo.fm\/sitio\/wp-json\/wp\/v2\/comments?post=46734"}],"version-history":[{"count":2,"href":"https:\/\/ambientestereo.fm\/sitio\/wp-json\/wp\/v2\/posts\/46734\/revisions"}],"predecessor-version":[{"id":46739,"href":"https:\/\/ambientestereo.fm\/sitio\/wp-json\/wp\/v2\/posts\/46734\/revisions\/46739"}],"wp:featuredmedia":[{"embeddable":true,"href":"https:\/\/ambientestereo.fm\/sitio\/wp-json\/wp\/v2\/media\/41462"}],"wp:attachment":[{"href":"https:\/\/ambientestereo.fm\/sitio\/wp-json\/wp\/v2\/media?parent=46734"}],"wp:term":[{"taxonomy":"category","embeddable":true,"href":"https:\/\/ambientestereo.fm\/sitio\/wp-json\/wp\/v2\/categories?post=46734"},{"taxonomy":"post_tag","embeddable":true,"href":"https:\/\/ambientestereo.fm\/sitio\/wp-json\/wp\/v2\/tags?post=46734"}],"curies":[{"name":"wp","href":"https:\/\/api.w.org\/{rel}","templated":true}]}}