{"id":46740,"date":"2026-03-15T06:50:00","date_gmt":"2026-03-15T11:50:00","guid":{"rendered":"https:\/\/ambientestereo.fm\/sitio\/?p=46740"},"modified":"2026-03-15T18:52:37","modified_gmt":"2026-03-15T23:52:37","slug":"antropologa-espanola-explica-la-existencia-de-dios","status":"publish","type":"post","link":"https:\/\/ambientestereo.fm\/sitio\/noticias\/antropologa-espanola-explica-la-existencia-de-dios\/","title":{"rendered":"Antrop\u00f3loga plantea di\u00e1logo entre ciencia y espiritualidad"},"content":{"rendered":"\n<p class=\"wp-block-paragraph\">Con formaci\u00f3n en Humanidades y Antropolog\u00eda Social y Cultural, Izanami Mart\u00ednez inici\u00f3 su trayectoria profesional a una edad temprana y pronto se abri\u00f3 paso exitosamente en el mundo empresarial. Pero detr\u00e1s de ese recorrido hay tambi\u00e9n una historia personal marcada por la transformaci\u00f3n. En un momento especialmente dif\u00edcil de su vida, Mart\u00ednez atraves\u00f3 una profunda depresi\u00f3n que la llev\u00f3 a replantearse su salud mental, sus creencias y el rumbo de su existencia. Aquella experiencia, que incluy\u00f3 su paso por una unidad psiqui\u00e1trica, termin\u00f3 convirti\u00e9ndose en el punto de inflexi\u00f3n de su historia espiritual.<\/p>\n\n\n\n<p class=\"wp-block-paragraph\">Tras superar ese episodio, la antrop\u00f3loga ha compartido p\u00fablicamente c\u00f3mo ese proceso dio lugar a una nueva relaci\u00f3n con la fe. \u201cVivo agradecida a Dios y comprometida a poner todo lo que \u00c9l me ha regalado al servicio de la sociedad. Por su gracia y para su gloria\u201d, afirma al referirse al sentido que hoy otorga a su vida y a su trabajo.<\/p>\n\n\n\n<p class=\"wp-block-paragraph\">El cambio en su visi\u00f3n espiritual, seg\u00fan relata, comenz\u00f3 con una experiencia aparentemente sencilla pero decisiva: la lectura de la Biblia. \u201cDios puso en mi coraz\u00f3n el deseo de leer su Palabra. Comenc\u00e9 con G\u00e9nesis 1 y no par\u00e9 hasta Apocalipsis\u201d, recuerda Mart\u00ednez.<\/p>\n\n\n\n<p class=\"wp-block-paragraph\">Ese itinerario personal sirve como punto de partida para comprender el enfoque con el que la antrop\u00f3loga aborda hoy una de las preguntas m\u00e1s antiguas de la humanidad: la existencia de Dios.<\/p>\n\n\n\n<p class=\"wp-block-paragraph\">En una conversaci\u00f3n difundida en el podcast de Druni, Mart\u00ednez reflexiona sobre la relaci\u00f3n entre espiritualidad y naturaleza humana desde una mirada que combina experiencia personal y an\u00e1lisis antropol\u00f3gico.<\/p>\n\n\n\n<p class=\"wp-block-paragraph\">Para la investigadora, la pregunta por Dios no pertenece exclusivamente al \u00e1mbito religioso. Desde su perspectiva acad\u00e9mica, la b\u00fasqueda de lo trascendente aparece de manera constante en pr\u00e1cticamente todas las culturas conocidas. Civilizaciones antiguas y sociedades contempor\u00e1neas han desarrollado s\u00edmbolos, narrativas y rituales que intentan responder a la misma inquietud: de d\u00f3nde venimos y qu\u00e9 sentido tiene la vida.<\/p>\n\n\n\n<p class=\"wp-block-paragraph\">En ese marco, Mart\u00ednez sostiene que la espiritualidad forma parte de la estructura profunda del ser humano. No se tratar\u00eda \u00fanicamente de una tradici\u00f3n cultural heredada, sino de una dimensi\u00f3n que emerge cuando las personas enfrentan preguntas esenciales sobre el sufrimiento, la identidad o el prop\u00f3sito.<\/p>\n\n\n\n<p class=\"wp-block-paragraph\">La biograf\u00eda de Izanami Mart\u00ednez a\u00f1ade un matiz particular a su reflexi\u00f3n. Haber crecido en un ambiente vinculado a pr\u00e1cticas esot\u00e9ricas \u2014propias de la espiritualidad alternativa contempor\u00e1nea\u2014 la llev\u00f3 inicialmente por caminos muy distintos a los de la tradici\u00f3n cristiana.<\/p>\n\n\n\n<p class=\"wp-block-paragraph\">Sin embargo, la crisis emocional que atraves\u00f3 cambi\u00f3 radicalmente su perspectiva. Aquella etapa de vulnerabilidad, explica, la oblig\u00f3 a replantear las certezas sobre las que hab\u00eda construido su identidad.<\/p>\n\n\n\n<p class=\"wp-block-paragraph\">En ese proceso, la fe dej\u00f3 de ser una idea abstracta para convertirse en una experiencia concreta de reconstrucci\u00f3n personal. Su testimonio sugiere que la espiritualidad puede surgir precisamente cuando se reconoce la fragilidad humana y la imposibilidad de sostenerlo todo por uno mismo.<\/p>\n\n\n\n<p class=\"wp-block-paragraph\">Lejos de abandonar su formaci\u00f3n acad\u00e9mica, Mart\u00ednez intenta integrar ambas dimensiones en su reflexi\u00f3n. Desde su trabajo en neurociencia aplicada y comportamiento humano, propone un di\u00e1logo entre ciencia y espiritualidad.<\/p>\n\n\n\n<p class=\"wp-block-paragraph\">En su planteamiento, la ciencia describe procesos y fen\u00f3menos observables, mientras que la fe se ocupa de preguntas relacionadas con el sentido \u00faltimo de la existencia. No se tratar\u00eda, por tanto, de \u00e1mbitos necesariamente opuestos, sino de miradas distintas sobre la misma realidad humana.<\/p>\n\n\n\n<p class=\"wp-block-paragraph\">Esta perspectiva le permite abordar el fen\u00f3meno religioso no solo como una experiencia personal, sino tambi\u00e9n como un objeto leg\u00edtimo de estudio antropol\u00f3gico.<\/p>\n\n\n\n<p class=\"wp-block-paragraph\">El testimonio y las reflexiones de Izanami Mart\u00ednez se inscriben en una discusi\u00f3n que ha acompa\u00f1ado a la humanidad desde sus or\u00edgenes. Fil\u00f3sofos, cient\u00edficos y pensadores de todas las \u00e9pocas han intentado responder a la misma cuesti\u00f3n desde distintos enfoques.<\/p>\n\n\n\n<p class=\"wp-block-paragraph\">Su propuesta no pretende clausurar el debate, sino reabrirlo desde la experiencia personal y la observaci\u00f3n cultural: la idea de que la b\u00fasqueda de Dios no es un residuo del pasado, sino una dimensi\u00f3n persistente de la condici\u00f3n humana.<\/p>\n\n\n\n<p class=\"wp-block-paragraph\">Fuente: EL PODCAST DE DRUNI<\/p>\n","protected":false},"excerpt":{"rendered":"<p>Con formaci\u00f3n en Humanidades y Antropolog\u00eda Social y Cultural, Izanami Mart\u00ednez inici\u00f3 su trayectoria profesional&#8230;<\/p>\n","protected":false},"author":6,"featured_media":46741,"comment_status":"closed","ping_status":"closed","sticky":false,"template":"","format":"standard","meta":{"_acf_changed":false,"footnotes":""},"categories":[287,292],"tags":[],"class_list":["post-46740","post","type-post","status-publish","format-standard","has-post-thumbnail","hentry","category-noticias","category-mundogospel"],"acf":[],"comment_count":0,"featured_image_url":"https:\/\/ambientestereo.fm\/sitio\/wp-content\/uploads\/2026\/03\/Izanami_Martinez.jpeg","thumbnail":"https:\/\/ambientestereo.fm\/sitio\/wp-content\/uploads\/2026\/03\/Izanami_Martinez-150x150.jpeg","_links":{"self":[{"href":"https:\/\/ambientestereo.fm\/sitio\/wp-json\/wp\/v2\/posts\/46740","targetHints":{"allow":["GET"]}}],"collection":[{"href":"https:\/\/ambientestereo.fm\/sitio\/wp-json\/wp\/v2\/posts"}],"about":[{"href":"https:\/\/ambientestereo.fm\/sitio\/wp-json\/wp\/v2\/types\/post"}],"author":[{"embeddable":true,"href":"https:\/\/ambientestereo.fm\/sitio\/wp-json\/wp\/v2\/users\/6"}],"replies":[{"embeddable":true,"href":"https:\/\/ambientestereo.fm\/sitio\/wp-json\/wp\/v2\/comments?post=46740"}],"version-history":[{"count":4,"href":"https:\/\/ambientestereo.fm\/sitio\/wp-json\/wp\/v2\/posts\/46740\/revisions"}],"predecessor-version":[{"id":46750,"href":"https:\/\/ambientestereo.fm\/sitio\/wp-json\/wp\/v2\/posts\/46740\/revisions\/46750"}],"wp:featuredmedia":[{"embeddable":true,"href":"https:\/\/ambientestereo.fm\/sitio\/wp-json\/wp\/v2\/media\/46741"}],"wp:attachment":[{"href":"https:\/\/ambientestereo.fm\/sitio\/wp-json\/wp\/v2\/media?parent=46740"}],"wp:term":[{"taxonomy":"category","embeddable":true,"href":"https:\/\/ambientestereo.fm\/sitio\/wp-json\/wp\/v2\/categories?post=46740"},{"taxonomy":"post_tag","embeddable":true,"href":"https:\/\/ambientestereo.fm\/sitio\/wp-json\/wp\/v2\/tags?post=46740"}],"curies":[{"name":"wp","href":"https:\/\/api.w.org\/{rel}","templated":true}]}}