{"id":46746,"date":"2026-03-16T00:49:00","date_gmt":"2026-03-16T05:49:00","guid":{"rendered":"https:\/\/ambientestereo.fm\/sitio\/?p=46746"},"modified":"2026-03-15T18:35:26","modified_gmt":"2026-03-15T23:35:26","slug":"iran-amenazo-con-matar-a-benjamin-netanyahu","status":"publish","type":"post","link":"https:\/\/ambientestereo.fm\/sitio\/noticias\/iran-amenazo-con-matar-a-benjamin-netanyahu\/","title":{"rendered":"Ir\u00e1n amenaz\u00f3 con \u201cmatar\u201d a Benjam\u00edn Netanyahu"},"content":{"rendered":"\n<p class=\"wp-block-paragraph\">La Guardia Revolucionaria iran\u00ed afirm\u00f3 este domingo que \u201cperseguir\u00e1 sin descanso\u201d al primer ministro israel\u00ed, Benjamin Netanyahu, con el objetivo de acabar con su vida. La amenaza surge en medio de los ataques en Medio Oriente por parte de Israel y Estados Unidos contra Teher\u00e1n.<\/p>\n\n\n\n<p class=\"wp-block-paragraph\">\u201cSeguiremos persiguiendo sin descanso y mataremos con fuerza al criminal primer ministro sionista, si es que sigue con vida\u201d, indic\u00f3 el ej\u00e9rcito ideol\u00f3gico del r\u00e9gimen en un comunicado difundido por su oficina de relaciones p\u00fablicas y publicado en la web Sepah News.<\/p>\n\n\n\n<p class=\"wp-block-paragraph\">La amenaza se produjo en paralelo al anuncio de la 52\u00aa oleada de ataques iran\u00edes contra sectores industriales en Israel y fuerzas estadounidenses en Medio Oriente, seg\u00fan la Guardia Revolucionaria, que no detall\u00f3 el pa\u00eds atacado.<\/p>\n\n\n\n<p class=\"wp-block-paragraph\">El 28 de febrero, inicio del conflicto, murieron varios altos cargos iran\u00edes, entre ellos el entonces l\u00edder supremo Ali Khamenei, el comandante en jefe de la Guardia Revolucionaria, general Mohamad Pakpur, y el jefe del Estado Mayor de las Fuerzas Armadas, general Abdorrahim Musavi.<\/p>\n\n\n\n<p class=\"wp-block-paragraph\">Desde entonces, Estados Unidos e Israel han bombardeado diariamente territorio iran\u00ed, mientras que Teher\u00e1n responde con ataques a instalaciones estadounidenses y energ\u00e9ticas en la regi\u00f3n, adem\u00e1s de mantener un supuesto bloqueo del Estrecho de Ormuz.<\/p>\n\n\n\n<p class=\"wp-block-paragraph\">Desde la capital iran\u00ed, el canciller iran\u00ed Abbas Araghchi neg\u00f3 que existan problemas de salud en el nuevo l\u00edder supremo, Mojtaba Khamenei, en un intento por disipar las dudas surgidas tras el ataque militar conjunto de EEUU e Israel, en el que muri\u00f3 Ali Khamenei y varios familiares directos en Teher\u00e1n. \u201cNo hay ning\u00fan problema con el nuevo l\u00edder supremo. Envi\u00f3 su mensaje ayer y cumplir\u00e1 con sus deberes\u201d, afirm\u00f3 Araghchi.<\/p>\n\n\n\n<p class=\"wp-block-paragraph\">Sin embargo, el presidente estadounidense, Donald Trump, gener\u00f3 incertidumbre al declarar que no est\u00e1 claro si el nuevo l\u00edder supremo sigue con vida. Durante una entrevista telef\u00f3nica con NBC News, el mandatario afirm\u00f3: \u201cNo s\u00e9 si siquiera est\u00e1 vivo. Hasta ahora, nadie ha podido demostrarlo\u201d.<\/p>\n\n\n\n<p class=\"wp-block-paragraph\">Las palabras de Trump abrieron interrogantes sobre la situaci\u00f3n y el paradero de Khamenei. En ese sentido, indic\u00f3 que recibi\u00f3 versiones contradictorias sobre el estado del ayatollah. \u201cHe o\u00eddo que no est\u00e1 vivo, y si lo est\u00e1, deber\u00eda hacer algo muy inteligente por su pa\u00eds, y eso es rendirse\u201d, declar\u00f3, aunque reconoci\u00f3 que la noticia de su posible muerte circula como \u201cun rumor\u201d.<\/p>\n\n\n\n<p class=\"wp-block-paragraph\">Fuente: INFOBAE<\/p>\n","protected":false},"excerpt":{"rendered":"<p>La Guardia Revolucionaria iran\u00ed afirm\u00f3 este domingo que \u201cperseguir\u00e1 sin descanso\u201d al primer ministro israel\u00ed,&#8230;<\/p>\n","protected":false},"author":6,"featured_media":44411,"comment_status":"closed","ping_status":"closed","sticky":false,"template":"","format":"standard","meta":{"_acf_changed":false,"footnotes":""},"categories":[287,413],"tags":[],"class_list":["post-46746","post","type-post","status-publish","format-standard","has-post-thumbnail","hentry","category-noticias","category-tendencia"],"acf":[],"comment_count":0,"featured_image_url":"https:\/\/ambientestereo.fm\/sitio\/wp-content\/uploads\/2025\/11\/Netanyahu-1-1.jpg","thumbnail":"https:\/\/ambientestereo.fm\/sitio\/wp-content\/uploads\/2025\/11\/Netanyahu-1-1-150x150.jpg","_links":{"self":[{"href":"https:\/\/ambientestereo.fm\/sitio\/wp-json\/wp\/v2\/posts\/46746","targetHints":{"allow":["GET"]}}],"collection":[{"href":"https:\/\/ambientestereo.fm\/sitio\/wp-json\/wp\/v2\/posts"}],"about":[{"href":"https:\/\/ambientestereo.fm\/sitio\/wp-json\/wp\/v2\/types\/post"}],"author":[{"embeddable":true,"href":"https:\/\/ambientestereo.fm\/sitio\/wp-json\/wp\/v2\/users\/6"}],"replies":[{"embeddable":true,"href":"https:\/\/ambientestereo.fm\/sitio\/wp-json\/wp\/v2\/comments?post=46746"}],"version-history":[{"count":1,"href":"https:\/\/ambientestereo.fm\/sitio\/wp-json\/wp\/v2\/posts\/46746\/revisions"}],"predecessor-version":[{"id":46747,"href":"https:\/\/ambientestereo.fm\/sitio\/wp-json\/wp\/v2\/posts\/46746\/revisions\/46747"}],"wp:featuredmedia":[{"embeddable":true,"href":"https:\/\/ambientestereo.fm\/sitio\/wp-json\/wp\/v2\/media\/44411"}],"wp:attachment":[{"href":"https:\/\/ambientestereo.fm\/sitio\/wp-json\/wp\/v2\/media?parent=46746"}],"wp:term":[{"taxonomy":"category","embeddable":true,"href":"https:\/\/ambientestereo.fm\/sitio\/wp-json\/wp\/v2\/categories?post=46746"},{"taxonomy":"post_tag","embeddable":true,"href":"https:\/\/ambientestereo.fm\/sitio\/wp-json\/wp\/v2\/tags?post=46746"}],"curies":[{"name":"wp","href":"https:\/\/api.w.org\/{rel}","templated":true}]}}