{"id":46755,"date":"2026-03-16T02:00:00","date_gmt":"2026-03-16T07:00:00","guid":{"rendered":"https:\/\/ambientestereo.fm\/sitio\/?p=46755"},"modified":"2026-03-17T21:23:01","modified_gmt":"2026-03-18T02:23:01","slug":"colombia-y-venezuela-compartiran-inteligencia","status":"publish","type":"post","link":"https:\/\/ambientestereo.fm\/sitio\/noticias\/colombia-y-venezuela-compartiran-inteligencia\/","title":{"rendered":"Colombia y Venezuela compartir\u00e1n inteligencia"},"content":{"rendered":"\n<p class=\"wp-block-paragraph\">Colombia y Venezuela acordaron fortalecer la cooperaci\u00f3n en materia de seguridad para enfrentar el narcotr\u00e1fico, la miner\u00eda ilegal y otras estructuras del crimen organizado que operan en la frontera entre ambos pa\u00edses.<\/p>\n\n\n\n<p class=\"wp-block-paragraph\">El anuncio lo hizo el ministro de Defensa, Pedro Arnulfo S\u00e1nchez, tras una reuni\u00f3n realizada el pasado viernes 13 de marzo en Caracas con el Ministerio del Poder Popular para la Defensa de Venezuela.<\/p>\n\n\n\n<p class=\"wp-block-paragraph\">Seg\u00fan explic\u00f3 el funcionario, el encuentro permiti\u00f3 avanzar en acciones conjuntas para enfrentar las amenazas que afectan a las comunidades fronterizas.<\/p>\n\n\n\n<p class=\"wp-block-paragraph\">\u201cLa seguridad de las fronteras exige unidad entre los Estados. Colombia y Venezuela han decidido fortalecer la cooperaci\u00f3n para enfrentar con determinaci\u00f3n a los carteles del narcotr\u00e1fico, la miner\u00eda ilegal y todas las estructuras criminales que amenazan a nuestras comunidades fronterizas\u201d, se\u00f1al\u00f3 el ministro.<\/p>\n\n\n\n<p class=\"wp-block-paragraph\">Durante la reuni\u00f3n se definieron dos l\u00edneas estrat\u00e9gicas de acci\u00f3n para reforzar la seguridad en la frontera colombo-venezolana.<\/p>\n\n\n\n<p class=\"wp-block-paragraph\">La primera consiste en el intercambio permanente de informaci\u00f3n de inteligencia sobre amenazas en la zona lim\u00edtrofe. La segunda contempla la articulaci\u00f3n de operaciones espejo en ambos lados de la frontera, con el objetivo de golpear redes de narcotr\u00e1fico, miner\u00eda ilegal y otras econom\u00edas il\u00edcitas.<\/p>\n\n\n\n<p class=\"wp-block-paragraph\">De acuerdo con S\u00e1nchez, estas decisiones hacen parte de una estrategia m\u00e1s amplia de cooperaci\u00f3n internacional para enfrentar la criminalidad transnacional, que utiliza las fronteras como corredores para el tr\u00e1fico de drogas y otras actividades ilegales.<\/p>\n\n\n\n<p class=\"wp-block-paragraph\">El ministro tambi\u00e9n se\u00f1al\u00f3 que este tipo de coordinaci\u00f3n regional es clave para cerrar esos corredores criminales y fortalecer la seguridad en la regi\u00f3n.<\/p>\n\n\n\n<p class=\"wp-block-paragraph\">En ese mismo contexto, record\u00f3 que Estados Unidos y Venezuela sostuvieron el pasado 18 de febrero de 2026 una reuni\u00f3n, con participaci\u00f3n del comandante del Comando Sur, para avanzar en una agenda de cooperaci\u00f3n enfocada en la lucha contra el narcotr\u00e1fico y otros desaf\u00edos de seguridad regional.<\/p>\n\n\n\n<p class=\"wp-block-paragraph\">Fuente: CARACOL RADIO<\/p>\n","protected":false},"excerpt":{"rendered":"<p>Colombia y Venezuela acordaron fortalecer la cooperaci\u00f3n en materia de seguridad para enfrentar el narcotr\u00e1fico,&#8230;<\/p>\n","protected":false},"author":6,"featured_media":43697,"comment_status":"closed","ping_status":"closed","sticky":false,"template":"","format":"standard","meta":{"_acf_changed":false,"footnotes":""},"categories":[287,413],"tags":[],"class_list":["post-46755","post","type-post","status-publish","format-standard","has-post-thumbnail","hentry","category-noticias","category-tendencia"],"acf":[],"comment_count":0,"featured_image_url":"https:\/\/ambientestereo.fm\/sitio\/wp-content\/uploads\/2025\/09\/Pedro_Sanchez-1.jpg","thumbnail":"https:\/\/ambientestereo.fm\/sitio\/wp-content\/uploads\/2025\/09\/Pedro_Sanchez-1-150x150.jpg","_links":{"self":[{"href":"https:\/\/ambientestereo.fm\/sitio\/wp-json\/wp\/v2\/posts\/46755","targetHints":{"allow":["GET"]}}],"collection":[{"href":"https:\/\/ambientestereo.fm\/sitio\/wp-json\/wp\/v2\/posts"}],"about":[{"href":"https:\/\/ambientestereo.fm\/sitio\/wp-json\/wp\/v2\/types\/post"}],"author":[{"embeddable":true,"href":"https:\/\/ambientestereo.fm\/sitio\/wp-json\/wp\/v2\/users\/6"}],"replies":[{"embeddable":true,"href":"https:\/\/ambientestereo.fm\/sitio\/wp-json\/wp\/v2\/comments?post=46755"}],"version-history":[{"count":1,"href":"https:\/\/ambientestereo.fm\/sitio\/wp-json\/wp\/v2\/posts\/46755\/revisions"}],"predecessor-version":[{"id":46756,"href":"https:\/\/ambientestereo.fm\/sitio\/wp-json\/wp\/v2\/posts\/46755\/revisions\/46756"}],"wp:featuredmedia":[{"embeddable":true,"href":"https:\/\/ambientestereo.fm\/sitio\/wp-json\/wp\/v2\/media\/43697"}],"wp:attachment":[{"href":"https:\/\/ambientestereo.fm\/sitio\/wp-json\/wp\/v2\/media?parent=46755"}],"wp:term":[{"taxonomy":"category","embeddable":true,"href":"https:\/\/ambientestereo.fm\/sitio\/wp-json\/wp\/v2\/categories?post=46755"},{"taxonomy":"post_tag","embeddable":true,"href":"https:\/\/ambientestereo.fm\/sitio\/wp-json\/wp\/v2\/tags?post=46755"}],"curies":[{"name":"wp","href":"https:\/\/api.w.org\/{rel}","templated":true}]}}