{"id":46757,"date":"2026-03-15T19:30:16","date_gmt":"2026-03-16T00:30:16","guid":{"rendered":"https:\/\/ambientestereo.fm\/sitio\/?p=46757"},"modified":"2026-03-15T19:30:19","modified_gmt":"2026-03-16T00:30:19","slug":"ee-uu-volvio-a-izar-su-bandera-en-venezuela","status":"publish","type":"post","link":"https:\/\/ambientestereo.fm\/sitio\/noticias\/ee-uu-volvio-a-izar-su-bandera-en-venezuela\/","title":{"rendered":"EE.UU. volvi\u00f3 a izar su bandera en Venezuela\u00a0"},"content":{"rendered":"\n<p class=\"wp-block-paragraph\">La bandera de Estados Unidos fue izada este s\u00e1bado 14 de marzo en su embajada de Venezuela luego de siete a\u00f1os, diez d\u00edas despu\u00e9s del restablecimiento de relaciones diplom\u00e1ticas tras la captura del depuesto mandatario Nicol\u00e1s Maduro en una incursi\u00f3n militar estadounidense.<\/p>\n\n\n\n<p class=\"wp-block-paragraph\">En enero de 2019 Caracas rompi\u00f3 relaciones con Washington en rechazo al reconocimiento del entonces jefe parlamentario Juan Guaid\u00f3 como presidente interino de un gobierno que en la pr\u00e1ctica fue simb\u00f3lico. Estados Unidos desconoci\u00f3 la primera reelecci\u00f3n de Maduro en 2018 al considerarla fraudulenta.<\/p>\n\n\n\n<p class=\"wp-block-paragraph\">El pasado 5 de marzo Estados Unidos y el gobierno interino de Venezuela encabezado por Delcy Rodr\u00edguez, quien fuera vicepresidenta de Maduro al momento de su captura el 3 de enero, acordaron restablecer relaciones diplom\u00e1ticas y consulares.<\/p>\n\n\n\n<p class=\"wp-block-paragraph\">\u00abHa comenzado una nueva era para las relaciones entre los Estados Unidos y Venezuela. Seguimos con Venezuela\u00bb, a\u00f1adi\u00f3 el texto.<\/p>\n\n\n\n<p class=\"wp-block-paragraph\">Donald Trump y la mandataria interina de Venezuela han suscrito desde enero acuerdos energ\u00e9ticos y mineros que abren la puerta a la inversi\u00f3n privada y modifican el modelo estatista aplicado por el fallecido Hugo Ch\u00e1vez.<\/p>\n\n\n\n<p class=\"wp-block-paragraph\">Fuente: La FM<\/p>\n","protected":false},"excerpt":{"rendered":"<p>La bandera de Estados Unidos fue izada este s\u00e1bado 14 de marzo en su embajada&#8230;<\/p>\n","protected":false},"author":6,"featured_media":46758,"comment_status":"closed","ping_status":"closed","sticky":false,"template":"","format":"standard","meta":{"_acf_changed":false,"footnotes":""},"categories":[287,413],"tags":[],"class_list":["post-46757","post","type-post","status-publish","format-standard","has-post-thumbnail","hentry","category-noticias","category-tendencia"],"acf":[],"comment_count":0,"featured_image_url":"https:\/\/ambientestereo.fm\/sitio\/wp-content\/uploads\/2026\/03\/embajada-estados_unios-venezuela.jpg","thumbnail":"https:\/\/ambientestereo.fm\/sitio\/wp-content\/uploads\/2026\/03\/embajada-estados_unios-venezuela-150x150.jpg","_links":{"self":[{"href":"https:\/\/ambientestereo.fm\/sitio\/wp-json\/wp\/v2\/posts\/46757","targetHints":{"allow":["GET"]}}],"collection":[{"href":"https:\/\/ambientestereo.fm\/sitio\/wp-json\/wp\/v2\/posts"}],"about":[{"href":"https:\/\/ambientestereo.fm\/sitio\/wp-json\/wp\/v2\/types\/post"}],"author":[{"embeddable":true,"href":"https:\/\/ambientestereo.fm\/sitio\/wp-json\/wp\/v2\/users\/6"}],"replies":[{"embeddable":true,"href":"https:\/\/ambientestereo.fm\/sitio\/wp-json\/wp\/v2\/comments?post=46757"}],"version-history":[{"count":1,"href":"https:\/\/ambientestereo.fm\/sitio\/wp-json\/wp\/v2\/posts\/46757\/revisions"}],"predecessor-version":[{"id":46759,"href":"https:\/\/ambientestereo.fm\/sitio\/wp-json\/wp\/v2\/posts\/46757\/revisions\/46759"}],"wp:featuredmedia":[{"embeddable":true,"href":"https:\/\/ambientestereo.fm\/sitio\/wp-json\/wp\/v2\/media\/46758"}],"wp:attachment":[{"href":"https:\/\/ambientestereo.fm\/sitio\/wp-json\/wp\/v2\/media?parent=46757"}],"wp:term":[{"taxonomy":"category","embeddable":true,"href":"https:\/\/ambientestereo.fm\/sitio\/wp-json\/wp\/v2\/categories?post=46757"},{"taxonomy":"post_tag","embeddable":true,"href":"https:\/\/ambientestereo.fm\/sitio\/wp-json\/wp\/v2\/tags?post=46757"}],"curies":[{"name":"wp","href":"https:\/\/api.w.org\/{rel}","templated":true}]}}