{"id":46865,"date":"2026-03-20T07:08:39","date_gmt":"2026-03-20T12:08:39","guid":{"rendered":"https:\/\/ambientestereo.fm\/sitio\/?p=46865"},"modified":"2026-03-20T07:08:42","modified_gmt":"2026-03-20T12:08:42","slug":"petro-reacciono-al-fallo-contra-cielo-rusinque","status":"publish","type":"post","link":"https:\/\/ambientestereo.fm\/sitio\/noticias\/petro-reacciono-al-fallo-contra-cielo-rusinque\/","title":{"rendered":"Petro reaccion\u00f3 al fallo contra Cielo Rusinque"},"content":{"rendered":"\n<p class=\"wp-block-paragraph\">El presidente Gustavo Petro reaccion\u00f3 al fallo del Consejo de Estado que declar\u00f3 la nulidad del nombramiento de Cielo Rusinque como superintendente de Industria y Comercio, cuestionando los argumentos de la decisi\u00f3n y sugiriendo que se trata de un golpe contra su gobierno.<\/p>\n\n\n\n<p class=\"wp-block-paragraph\">\u201cEl fallo contra Cielo no solo insulta las instituciones acad\u00e9micas m\u00e1s leg\u00edtimas del mundo (\u2026) se trata de debilitar mi gobierno a como d\u00e9 lugar\u201d, afirm\u00f3 el mandatario en su cuenta de X, en referencia al cuestionamiento sobre la validez de estudios realizados en Francia.<\/p>\n\n\n\n<p class=\"wp-block-paragraph\">Por su parte, Cielo Rusinque expres\u00f3 su inconformidad con la decisi\u00f3n judicial y cuestion\u00f3 el an\u00e1lisis jur\u00eddico del Consejo de Estado, se\u00f1alando que el fallo se aparta del derecho estricto, seg\u00fan lo expuesto en su pronunciamiento p\u00fablico.<\/p>\n\n\n\n<p class=\"wp-block-paragraph\">El presidente Gustavo Petro critic\u00f3 abiertamente la decisi\u00f3n judicial, especialmente en lo relacionado con la valoraci\u00f3n de los estudios acad\u00e9micos de Rusinque. En su pronunciamiento, el mandatario hizo referencia al origen del Consejo de Estado y contrast\u00f3 esa tradici\u00f3n con lo que consider\u00f3 una postura que desconoce t\u00edtulos obtenidos en instituciones internacionales.<\/p>\n\n\n\n<p class=\"wp-block-paragraph\">\u201cEl Consejo de Estado como instituci\u00f3n naci\u00f3 en Francia (\u2026) pero el Consejo de Estado de Colombia considera que no son cre\u00edbles los t\u00edtulos obtenidos en las m\u00e1s prestigiosas universidades de Francia\u201d, afirm\u00f3 el jefe de Estado.<\/p>\n\n\n\n<p class=\"wp-block-paragraph\">En esa l\u00ednea, Petro plante\u00f3 que el fallo tiene implicaciones m\u00e1s all\u00e1 del caso particular, al considerar que afecta la independencia de la Superintendencia de Industria y Comercio frente a actores econ\u00f3micos. Adem\u00e1s, insisti\u00f3 en que la decisi\u00f3n tiene un trasfondo pol\u00edtico.<\/p>\n\n\n\n<p class=\"wp-block-paragraph\">Cielo Rusinque, por su parte, emiti\u00f3 un extenso pronunciamiento en el que expone sus reparos frente a la sentencia. La exfuncionaria se\u00f1al\u00f3 que la decisi\u00f3n presenta inconsistencias en su argumentaci\u00f3n y que se aparta del an\u00e1lisis normativo y probatorio que, a su juicio, deber\u00eda regir este tipo de fallos.<\/p>\n\n\n\n<p class=\"wp-block-paragraph\">\u201cQuiero expresar mi honda preocupaci\u00f3n por la distancia del marco del derecho estricto que se advierte en la providencia (\u2026) termina por conferir apariencia jur\u00eddica a una decisi\u00f3n que resulta muy cuestionable\u201d, afirm\u00f3.<\/p>\n\n\n\n<p class=\"wp-block-paragraph\">Uno de los puntos centrales de su cr\u00edtica se enfoca en la valoraci\u00f3n de su formaci\u00f3n acad\u00e9mica. Rusinque cuestion\u00f3 que se considere que su maestr\u00eda en Ciencias Pol\u00edticas y Sociales no guarda relaci\u00f3n con las funciones del cargo, argumentando que estas disciplinas est\u00e1n directamente vinculadas con temas de mercado, competencia y consumo.<\/p>\n\n\n\n<p class=\"wp-block-paragraph\">La exsuperintendente tambi\u00e9n cuestion\u00f3 que el Consejo de Estado haya desestimado certificaciones tanto del Ministerio de Educaci\u00f3n como de la Universidad Paris II Panth\u00e9on-Assas sobre el alcance de su t\u00edtulo. Seg\u00fan su pronunciamiento, esto constituye un defecto procedimental.<\/p>\n\n\n\n<p class=\"wp-block-paragraph\">Rusinque insisti\u00f3 en que sus estudios cuentan con reconocimiento internacional y que su validez no deber\u00eda estar en discusi\u00f3n. Adem\u00e1s, se\u00f1al\u00f3 que el fallo desconoce el r\u00e9gimen aplicable a la convalidaci\u00f3n de t\u00edtulos de posgrado, al imponer exigencias que, seg\u00fan ella, no est\u00e1n contempladas en la normativa vigente.<\/p>\n\n\n\n<p class=\"wp-block-paragraph\">\u201cResulta jur\u00eddicamente cuestionable que unos magistrados pongan en entredicho la validez (\u2026) de un t\u00edtulo conferido por una instituci\u00f3n de reconocido prestigio internacional\u201d, sostuvo.<\/p>\n\n\n\n<p class=\"wp-block-paragraph\">Fuente: INFOBAE<\/p>\n","protected":false},"excerpt":{"rendered":"<p>El presidente Gustavo Petro reaccion\u00f3 al fallo del Consejo de Estado que declar\u00f3 la nulidad&#8230;<\/p>\n","protected":false},"author":6,"featured_media":43840,"comment_status":"closed","ping_status":"closed","sticky":false,"template":"","format":"standard","meta":{"_acf_changed":false,"footnotes":""},"categories":[412,287],"tags":[],"class_list":["post-46865","post","type-post","status-publish","format-standard","has-post-thumbnail","hentry","category-destacado","category-noticias"],"acf":[],"comment_count":0,"featured_image_url":"https:\/\/ambientestereo.fm\/sitio\/wp-content\/uploads\/2025\/10\/Gustavo_Petro_Presidente.jpg","thumbnail":"https:\/\/ambientestereo.fm\/sitio\/wp-content\/uploads\/2025\/10\/Gustavo_Petro_Presidente-150x150.jpg","_links":{"self":[{"href":"https:\/\/ambientestereo.fm\/sitio\/wp-json\/wp\/v2\/posts\/46865","targetHints":{"allow":["GET"]}}],"collection":[{"href":"https:\/\/ambientestereo.fm\/sitio\/wp-json\/wp\/v2\/posts"}],"about":[{"href":"https:\/\/ambientestereo.fm\/sitio\/wp-json\/wp\/v2\/types\/post"}],"author":[{"embeddable":true,"href":"https:\/\/ambientestereo.fm\/sitio\/wp-json\/wp\/v2\/users\/6"}],"replies":[{"embeddable":true,"href":"https:\/\/ambientestereo.fm\/sitio\/wp-json\/wp\/v2\/comments?post=46865"}],"version-history":[{"count":1,"href":"https:\/\/ambientestereo.fm\/sitio\/wp-json\/wp\/v2\/posts\/46865\/revisions"}],"predecessor-version":[{"id":46866,"href":"https:\/\/ambientestereo.fm\/sitio\/wp-json\/wp\/v2\/posts\/46865\/revisions\/46866"}],"wp:featuredmedia":[{"embeddable":true,"href":"https:\/\/ambientestereo.fm\/sitio\/wp-json\/wp\/v2\/media\/43840"}],"wp:attachment":[{"href":"https:\/\/ambientestereo.fm\/sitio\/wp-json\/wp\/v2\/media?parent=46865"}],"wp:term":[{"taxonomy":"category","embeddable":true,"href":"https:\/\/ambientestereo.fm\/sitio\/wp-json\/wp\/v2\/categories?post=46865"},{"taxonomy":"post_tag","embeddable":true,"href":"https:\/\/ambientestereo.fm\/sitio\/wp-json\/wp\/v2\/tags?post=46865"}],"curies":[{"name":"wp","href":"https:\/\/api.w.org\/{rel}","templated":true}]}}