{"id":46867,"date":"2026-03-20T10:40:29","date_gmt":"2026-03-20T15:40:29","guid":{"rendered":"https:\/\/ambientestereo.fm\/sitio\/?p=46867"},"modified":"2026-03-20T10:40:34","modified_gmt":"2026-03-20T15:40:34","slug":"fiscales-de-ee-uu-investigan-al-presidente-petro","status":"publish","type":"post","link":"https:\/\/ambientestereo.fm\/sitio\/noticias\/fiscales-de-ee-uu-investigan-al-presidente-petro\/","title":{"rendered":"Fiscales de EE.UU. investigan al presidente Petro"},"content":{"rendered":"\n<p class=\"wp-block-paragraph\">El presidente colombiano, Gustavo Petro, est\u00e1 siendo objeto de al menos dos investigaciones penales en Estados Unidos, seg\u00fan revelaron fuentes con conocimiento del caso al New York Times. Las indagaciones, que se encuentran en una fase inicial, son adelantadas por fiscales federales en Nueva York y cuentan con la participaci\u00f3n de agencias especializadas en crimen internacional.<\/p>\n\n\n\n<p class=\"wp-block-paragraph\">De acuerdo con la informaci\u00f3n, las pesquisas est\u00e1n siendo desarrolladas por las fiscal\u00edas de Manhattan y Brooklyn, con apoyo de la DEA y del HSI. Los investigadores analizan posibles reuniones del mandatario con narcotraficantes y eventuales aportes ilegales a su campa\u00f1a presidencial, aunque hasta el momento no hay claridad sobre si estos procesos derivar\u00e1n en cargos formales.<\/p>\n\n\n\n<p class=\"wp-block-paragraph\">Las fuentes, que hablaron bajo condici\u00f3n de anonimato para el medio, indicaron que se trata de investigaciones independientes y a\u00fan preliminares. Tanto las fiscal\u00edas involucradas como las agencias federales han declinado hacer comentarios p\u00fablicos, mientras que desde el entorno de Petro no hubo una respuesta inmediata.<\/p>\n\n\n\n<p class=\"wp-block-paragraph\">El desarrollo de estas investigaciones ocurre en un contexto de relaciones complejas entre Bogot\u00e1 y Washington, particularmente con la administraci\u00f3n de Donald Trump, quien ha mantenido una postura cr\u00edtica hacia el mandatario colombiano.<\/p>\n\n\n\n<p class=\"wp-block-paragraph\">Trump ha cuestionado en repetidas ocasiones a Petro, incluso con ataques personales, y ha intensificado su presi\u00f3n sobre Colombia en temas como narcotr\u00e1fico, migraci\u00f3n y cooperaci\u00f3n en seguridad. Aunque no hay evidencia de que la Casa Blanca haya impulsado directamente las investigaciones, el contexto pol\u00edtico ha alimentado especulaciones sobre un posible uso estrat\u00e9gico del sistema judicial en pol\u00edtica exterior.<\/p>\n\n\n\n<p class=\"wp-block-paragraph\">En paralelo, Washington ha endurecido su postura en la regi\u00f3n. A comienzos de a\u00f1o, el gobierno estadounidense captur\u00f3 al presidente venezolano Nicol\u00e1s Maduro en una operaci\u00f3n militar y lo traslad\u00f3 a Nueva York para enfrentar cargos por narcotr\u00e1fico, en una acci\u00f3n que marc\u00f3 un precedente en la pol\u00edtica regional.<\/p>\n\n\n\n<p class=\"wp-block-paragraph\">El presidente Petro ha negado de manera reiterada cualquier v\u00ednculo con estructuras del narcotr\u00e1fico y ha defendido los resultados de su pol\u00edtica de seguridad, asegurando que su gobierno ha combatido el cultivo de coca y a los grupos armados ilegales.<\/p>\n\n\n\n<p class=\"wp-block-paragraph\">Sin embargo, las investigaciones en Estados Unidos coinciden con antecedentes pol\u00e9micos en Colombia. En 2023, su hijo reconoci\u00f3 ante la justicia que dinero de origen il\u00edcito ingres\u00f3 a la campa\u00f1a presidencial de 2022, aunque el propio Petro ha insistido en que no tuvo conocimiento de esos hechos y ha calificado las acusaciones como pol\u00edticamente motivadas.<\/p>\n\n\n\n<p class=\"wp-block-paragraph\">En el mes de octubre de 2025, el presidente Petro, su hijo Nicol\u00e1s Petro Burgos, su entonces esposa Ver\u00f3nica Alcocer y el ministro del Interior, Armando Benedetti, fueron incluidos en la lista de sanciones de la OFAC por presuntos negocios il\u00edcitos antes los ojos del Departamento de Justicia.<\/p>\n\n\n\n<p class=\"wp-block-paragraph\">Fuente: La FM<\/p>\n","protected":false},"excerpt":{"rendered":"<p>El presidente colombiano, Gustavo Petro, est\u00e1 siendo objeto de al menos dos investigaciones penales en&#8230;<\/p>\n","protected":false},"author":6,"featured_media":40159,"comment_status":"closed","ping_status":"closed","sticky":false,"template":"","format":"standard","meta":{"_acf_changed":false,"footnotes":""},"categories":[412,287],"tags":[],"class_list":["post-46867","post","type-post","status-publish","format-standard","has-post-thumbnail","hentry","category-destacado","category-noticias"],"acf":[],"comment_count":0,"featured_image_url":"https:\/\/ambientestereo.fm\/sitio\/wp-content\/uploads\/2025\/04\/Gustavo_Petro_2.jpg","thumbnail":"https:\/\/ambientestereo.fm\/sitio\/wp-content\/uploads\/2025\/04\/Gustavo_Petro_2-150x150.jpg","_links":{"self":[{"href":"https:\/\/ambientestereo.fm\/sitio\/wp-json\/wp\/v2\/posts\/46867","targetHints":{"allow":["GET"]}}],"collection":[{"href":"https:\/\/ambientestereo.fm\/sitio\/wp-json\/wp\/v2\/posts"}],"about":[{"href":"https:\/\/ambientestereo.fm\/sitio\/wp-json\/wp\/v2\/types\/post"}],"author":[{"embeddable":true,"href":"https:\/\/ambientestereo.fm\/sitio\/wp-json\/wp\/v2\/users\/6"}],"replies":[{"embeddable":true,"href":"https:\/\/ambientestereo.fm\/sitio\/wp-json\/wp\/v2\/comments?post=46867"}],"version-history":[{"count":1,"href":"https:\/\/ambientestereo.fm\/sitio\/wp-json\/wp\/v2\/posts\/46867\/revisions"}],"predecessor-version":[{"id":46868,"href":"https:\/\/ambientestereo.fm\/sitio\/wp-json\/wp\/v2\/posts\/46867\/revisions\/46868"}],"wp:featuredmedia":[{"embeddable":true,"href":"https:\/\/ambientestereo.fm\/sitio\/wp-json\/wp\/v2\/media\/40159"}],"wp:attachment":[{"href":"https:\/\/ambientestereo.fm\/sitio\/wp-json\/wp\/v2\/media?parent=46867"}],"wp:term":[{"taxonomy":"category","embeddable":true,"href":"https:\/\/ambientestereo.fm\/sitio\/wp-json\/wp\/v2\/categories?post=46867"},{"taxonomy":"post_tag","embeddable":true,"href":"https:\/\/ambientestereo.fm\/sitio\/wp-json\/wp\/v2\/tags?post=46867"}],"curies":[{"name":"wp","href":"https:\/\/api.w.org\/{rel}","templated":true}]}}