{"id":49602,"date":"2026-08-31T00:13:00","date_gmt":"2026-08-31T05:13:00","guid":{"rendered":"https:\/\/ambientestereo.fm\/sitio\/?p=49602"},"modified":"2026-08-31T05:39:13","modified_gmt":"2026-08-31T10:39:13","slug":"danny-berrios-sera-reconocido-por-su-legado-en-la-musica-cristiana","status":"publish","type":"post","link":"https:\/\/ambientestereo.fm\/sitio\/noticias\/danny-berrios-sera-reconocido-por-su-legado-en-la-musica-cristiana\/","title":{"rendered":"Danny Berrios ser\u00e1 reconocido por legado en la m\u00fasica cristiana"},"content":{"rendered":"\n<p class=\"wp-block-paragraph\">Con m\u00e1s de 45 a\u00f1os de ministerio, 30 producciones musicales y una trayectoria que ha impactado generaciones, el reconocido cantautor y predicador Danny Berrios recibir\u00e1 el Premio \u00c1guila Influencia Hispana.<\/p>\n\n\n\n<p class=\"wp-block-paragraph\">Premio \u00c1guila, iniciativa de la Asociaci\u00f3n Glocal, reconocer\u00e1 al destacado cantautor y predicador Danny Berrios con la distinci\u00f3n que celebra su extraordinaria trayectoria, su contribuci\u00f3n a la m\u00fasica cristiana en espa\u00f1ol y el impacto de un ministerio que, durante m\u00e1s de cuatro d\u00e9cadas, ha llevado un mensaje de fe y perseverancia a distintas generaciones.<\/p>\n\n\n\n<p class=\"wp-block-paragraph\">El reconocimiento ser\u00e1 entregado el s\u00e1bado 26 de septiembre, durante la decimosexta gala de Premio \u00c1guila, como parte de la cuarta edici\u00f3n del Media Music Marketing Summit, en Miami.<\/p>\n\n\n\n<p class=\"wp-block-paragraph\">Considerado una de las voces m\u00e1s emblem\u00e1ticas e influyentes de la m\u00fasica cristiana contempor\u00e1nea en espa\u00f1ol, Danny Berrios ha construido un legado que trasciende los escenarios y las fronteras. Sus interpretaciones se han convertido en verdaderos himnos de fortaleza espiritual y han acompa\u00f1ado a miles de personas en momentos de celebraci\u00f3n, incertidumbre, p\u00e9rdida y renovaci\u00f3n de la fe.<\/p>\n\n\n\n<p class=\"wp-block-paragraph\">Canciones como \u201cAlaba a Dios\u201d, \u201cHimno de victoria\u201d, \u201cDios cuida de m\u00ed\u201d y \u201cEl Rey te mand\u00f3 a llamar\u201d han trascendido el paso del tiempo para formar parte de la historia de la m\u00fasica cristiana iberoamericana. Sus letras han sido oraci\u00f3n para quienes atraviesan una prueba, fortaleza para quienes han pensado rendirse y una declaraci\u00f3n de victoria para quienes han decidido continuar creyendo.<\/p>\n\n\n\n<p class=\"wp-block-paragraph\">Fuente: ALTAR 7<\/p>\n","protected":false},"excerpt":{"rendered":"<p>Con m\u00e1s de 45 a\u00f1os de ministerio, 30 producciones musicales y una trayectoria que ha&#8230;<\/p>\n","protected":false},"author":6,"featured_media":45533,"comment_status":"closed","ping_status":"closed","sticky":false,"template":"","format":"standard","meta":{"_acf_changed":false,"footnotes":""},"categories":[287,292],"tags":[],"class_list":["post-49602","post","type-post","status-publish","format-standard","has-post-thumbnail","hentry","category-noticias","category-mundogospel"],"acf":[],"comment_count":0,"featured_image_url":"https:\/\/ambientestereo.fm\/sitio\/wp-content\/uploads\/2026\/01\/Danny_Berrios_El_Shaddai-2.jpg","thumbnail":"https:\/\/ambientestereo.fm\/sitio\/wp-content\/uploads\/2026\/01\/Danny_Berrios_El_Shaddai-2-150x150.jpg","_links":{"self":[{"href":"https:\/\/ambientestereo.fm\/sitio\/wp-json\/wp\/v2\/posts\/49602","targetHints":{"allow":["GET"]}}],"collection":[{"href":"https:\/\/ambientestereo.fm\/sitio\/wp-json\/wp\/v2\/posts"}],"about":[{"href":"https:\/\/ambientestereo.fm\/sitio\/wp-json\/wp\/v2\/types\/post"}],"author":[{"embeddable":true,"href":"https:\/\/ambientestereo.fm\/sitio\/wp-json\/wp\/v2\/users\/6"}],"replies":[{"embeddable":true,"href":"https:\/\/ambientestereo.fm\/sitio\/wp-json\/wp\/v2\/comments?post=49602"}],"version-history":[{"count":2,"href":"https:\/\/ambientestereo.fm\/sitio\/wp-json\/wp\/v2\/posts\/49602\/revisions"}],"predecessor-version":[{"id":49623,"href":"https:\/\/ambientestereo.fm\/sitio\/wp-json\/wp\/v2\/posts\/49602\/revisions\/49623"}],"wp:featuredmedia":[{"embeddable":true,"href":"https:\/\/ambientestereo.fm\/sitio\/wp-json\/wp\/v2\/media\/45533"}],"wp:attachment":[{"href":"https:\/\/ambientestereo.fm\/sitio\/wp-json\/wp\/v2\/media?parent=49602"}],"wp:term":[{"taxonomy":"category","embeddable":true,"href":"https:\/\/ambientestereo.fm\/sitio\/wp-json\/wp\/v2\/categories?post=49602"},{"taxonomy":"post_tag","embeddable":true,"href":"https:\/\/ambientestereo.fm\/sitio\/wp-json\/wp\/v2\/tags?post=49602"}],"curies":[{"name":"wp","href":"https:\/\/api.w.org\/{rel}","templated":true}]}}