{"id":49617,"date":"2026-08-31T00:10:00","date_gmt":"2026-08-31T05:10:00","guid":{"rendered":"https:\/\/ambientestereo.fm\/sitio\/?p=49617"},"modified":"2026-08-30T23:39:04","modified_gmt":"2026-08-31T04:39:04","slug":"fiscalia-estaria-preparando-imputacion-contra-laura-sarabia","status":"publish","type":"post","link":"https:\/\/ambientestereo.fm\/sitio\/noticias\/fiscalia-estaria-preparando-imputacion-contra-laura-sarabia\/","title":{"rendered":"Fiscal\u00eda estar\u00eda preparando imputaci\u00f3n contra Laura Sarabia\u00a0"},"content":{"rendered":"\n<p class=\"wp-block-paragraph\">Laura Sarabia, la mujer que fue mano derecha del presidente Gustavo Petro y es investigada por las pruebas de poligraf\u00eda ilegales a su exni\u00f1era Marelbys Meza, podr\u00eda ser imputada por la Fiscal\u00eda por tres delitos.<\/p>\n\n\n\n<p class=\"wp-block-paragraph\">El ente investigador estar\u00eda preparando la imputaci\u00f3n de cargos contra la exembajadora de Colombia en Reino Unido por tres delitos espec\u00edficos: constre\u00f1imiento, abuso de autoridad y peculado por uso, en el marco del proceso de la exni\u00f1era.<\/p>\n\n\n\n<p class=\"wp-block-paragraph\">La REVISTA SEMANA consult\u00f3 con el exfiscal Mario Iguar\u00e1n, quien es el abogado de Sarabia, sobre la decisi\u00f3n que estar\u00eda tomando la Fiscal\u00eda. Sin embargo, confirm\u00f3 que hasta el momento no han sido notificados.<\/p>\n\n\n\n<p class=\"wp-block-paragraph\">Iguar\u00e1n le expres\u00f3 a REVISTA SEMANA que el caso lo est\u00e1n revisando a profundidad y que este lunes, 31 de agosto, se presentar\u00e1 en la Fiscal\u00eda General para conocer los detalles y que les notifiquen si el proceso sigue este curso.<\/p>\n\n\n\n<p class=\"wp-block-paragraph\">\u201cEste tema siempre lo han manejado mis abogados y son ellos quienes pueden referirse a las decisiones jur\u00eddicas\u201d, escribi\u00f3 precisamente Sarabia este domingo, 29 de agosto, a trav\u00e9s de sus redes sociales.<\/p>\n\n\n\n<p class=\"wp-block-paragraph\">La excanciller asegur\u00f3 en su mensaje que respeta a las autoridades y que conf\u00eda en las decisiones que esta tome.<\/p>\n\n\n\n<p class=\"wp-block-paragraph\">\u201cMi deseo sigue siendo que Marelbys recupere su tranquilidad, pueda retomar su vida y avanzar. Yo tambi\u00e9n quiero hacerlo\u201d, sentenci\u00f3.<\/p>\n\n\n\n<p class=\"wp-block-paragraph\">Fuente: REVISTA SEMANA<\/p>\n","protected":false},"excerpt":{"rendered":"<p>Laura Sarabia, la mujer que fue mano derecha del presidente Gustavo Petro y es investigada&#8230;<\/p>\n","protected":false},"author":6,"featured_media":40412,"comment_status":"closed","ping_status":"closed","sticky":false,"template":"","format":"standard","meta":{"_acf_changed":false,"footnotes":""},"categories":[412,287],"tags":[],"class_list":["post-49617","post","type-post","status-publish","format-standard","has-post-thumbnail","hentry","category-destacado","category-noticias"],"acf":[],"comment_count":0,"featured_image_url":"https:\/\/ambientestereo.fm\/sitio\/wp-content\/uploads\/2025\/04\/Laura_Sarabia3.jpg","thumbnail":"https:\/\/ambientestereo.fm\/sitio\/wp-content\/uploads\/2025\/04\/Laura_Sarabia3-150x150.jpg","_links":{"self":[{"href":"https:\/\/ambientestereo.fm\/sitio\/wp-json\/wp\/v2\/posts\/49617","targetHints":{"allow":["GET"]}}],"collection":[{"href":"https:\/\/ambientestereo.fm\/sitio\/wp-json\/wp\/v2\/posts"}],"about":[{"href":"https:\/\/ambientestereo.fm\/sitio\/wp-json\/wp\/v2\/types\/post"}],"author":[{"embeddable":true,"href":"https:\/\/ambientestereo.fm\/sitio\/wp-json\/wp\/v2\/users\/6"}],"replies":[{"embeddable":true,"href":"https:\/\/ambientestereo.fm\/sitio\/wp-json\/wp\/v2\/comments?post=49617"}],"version-history":[{"count":1,"href":"https:\/\/ambientestereo.fm\/sitio\/wp-json\/wp\/v2\/posts\/49617\/revisions"}],"predecessor-version":[{"id":49618,"href":"https:\/\/ambientestereo.fm\/sitio\/wp-json\/wp\/v2\/posts\/49617\/revisions\/49618"}],"wp:featuredmedia":[{"embeddable":true,"href":"https:\/\/ambientestereo.fm\/sitio\/wp-json\/wp\/v2\/media\/40412"}],"wp:attachment":[{"href":"https:\/\/ambientestereo.fm\/sitio\/wp-json\/wp\/v2\/media?parent=49617"}],"wp:term":[{"taxonomy":"category","embeddable":true,"href":"https:\/\/ambientestereo.fm\/sitio\/wp-json\/wp\/v2\/categories?post=49617"},{"taxonomy":"post_tag","embeddable":true,"href":"https:\/\/ambientestereo.fm\/sitio\/wp-json\/wp\/v2\/tags?post=49617"}],"curies":[{"name":"wp","href":"https:\/\/api.w.org\/{rel}","templated":true}]}}