{"id":49624,"date":"2026-08-31T05:48:35","date_gmt":"2026-08-31T10:48:35","guid":{"rendered":"https:\/\/ambientestereo.fm\/sitio\/?p=49624"},"modified":"2026-08-31T05:48:37","modified_gmt":"2026-08-31T10:48:37","slug":"vamos-a-levantarnos-de-la-espriella","status":"publish","type":"post","link":"https:\/\/ambientestereo.fm\/sitio\/noticias\/vamos-a-levantarnos-de-la-espriella\/","title":{"rendered":"\u00abVamos a levantarnos\u00bb: De La Espriella"},"content":{"rendered":"\n<p class=\"wp-block-paragraph\">A 20 d\u00edas del terremoto que golpe\u00f3 al pa\u00eds, el presidente Abelardo De La Espriella anunci\u00f3 el inicio de una nueva etapa enfocada en la reconstrucci\u00f3n de Colombia, sin suspender las labores de b\u00fasqueda de personas desaparecidas ni la atenci\u00f3n humanitaria a las comunidades afectadas.<\/p>\n\n\n\n<p class=\"wp-block-paragraph\">Durante su alocuci\u00f3n presidencial en la noche de este domingo 30 de agosto, el mandatario present\u00f3 un balance de la emergencia y detall\u00f3 las principales acciones que emprender\u00e1 el Gobierno en materia de vivienda, infraestructura, salud, seguridad, recuperaci\u00f3n del campo y reactivaci\u00f3n econ\u00f3mica.<\/p>\n\n\n\n<p class=\"wp-block-paragraph\">De acuerdo con el presidente, 452.782 colombianos de 213.400 familias, en 497 municipios de 16 departamentos, resultaron afectados por el terremoto. La emergencia deja, hasta el momento, 331 personas fallecidas, 4.497 heridas y 152 desaparecidas.<\/p>\n\n\n\n<p class=\"wp-block-paragraph\">Adem\u00e1s, se reportaron 35.987 viviendas destruidas y 198.601 averiadas, as\u00ed como afectaciones en 4.261 centros educativos, 404 centros de salud, 121 acueductos, puentes vehiculares y 482 v\u00edas.<\/p>\n\n\n\n<p class=\"wp-block-paragraph\">\u201cHoy quiero anunciarle al pa\u00eds que comenzamos una nueva etapa, la reconstrucci\u00f3n de la patria\u201d, afirm\u00f3 De La Espriella, quien asegur\u00f3 que el Gobierno continuar\u00e1 buscando a los desaparecidos mientras avanza en la recuperaci\u00f3n de las zonas devastadas.<\/p>\n\n\n\n<p class=\"wp-block-paragraph\">El mandatario destac\u00f3 tambi\u00e9n el apoyo internacional y nacional recibido durante la emergencia. Seg\u00fan sus cifras, m\u00e1s de 640 toneladas de asistencia humanitaria internacional han llegado al pa\u00eds, mientras Bogot\u00e1 ha movilizado m\u00e1s de 2.640 toneladas de ayudas.<\/p>\n\n\n\n<p class=\"wp-block-paragraph\">Otro de los anuncios estuvo relacionado con la emergencia por incendios forestales en el Tolima, donde el Gobierno report\u00f3 m\u00e1s de 50.000 hect\u00e1reas afectadas, 2.660 productores perjudicados y p\u00e9rdidas superiores a $134.000 millones.<\/p>\n\n\n\n<p class=\"wp-block-paragraph\">El presidente se\u00f1al\u00f3 que existen indicios de que parte de los incendios habr\u00eda sido provocada deliberadamente y anunci\u00f3 recursos para apoyar a los productores y animales afectados.<\/p>\n\n\n\n<p class=\"wp-block-paragraph\">Entre las medidas est\u00e1 la destinaci\u00f3n de $7.000 millones para proyectos productivos y $2.000 millones para la compra de alimento para animales. Tambi\u00e9n anunci\u00f3 un congelamiento durante tres meses de la amortizaci\u00f3n de obligaciones de productores afectados y un programa de compra de cartera para peque\u00f1os y medianos productores.<\/p>\n\n\n\n<p class=\"wp-block-paragraph\">Fuente: La FM<\/p>\n","protected":false},"excerpt":{"rendered":"<p>A 20 d\u00edas del terremoto que golpe\u00f3 al pa\u00eds, el presidente Abelardo De La Espriella&#8230;<\/p>\n","protected":false},"author":6,"featured_media":49625,"comment_status":"closed","ping_status":"closed","sticky":false,"template":"","format":"standard","meta":{"_acf_changed":false,"footnotes":""},"categories":[294,287],"tags":[],"class_list":["post-49624","post","type-post","status-publish","format-standard","has-post-thumbnail","hentry","category-actualidad","category-noticias"],"acf":[],"comment_count":0,"featured_image_url":"https:\/\/ambientestereo.fm\/sitio\/wp-content\/uploads\/2026\/08\/Abelardo_De_La_Espriella_Alocucion.jpg","thumbnail":"https:\/\/ambientestereo.fm\/sitio\/wp-content\/uploads\/2026\/08\/Abelardo_De_La_Espriella_Alocucion-150x150.jpg","_links":{"self":[{"href":"https:\/\/ambientestereo.fm\/sitio\/wp-json\/wp\/v2\/posts\/49624","targetHints":{"allow":["GET"]}}],"collection":[{"href":"https:\/\/ambientestereo.fm\/sitio\/wp-json\/wp\/v2\/posts"}],"about":[{"href":"https:\/\/ambientestereo.fm\/sitio\/wp-json\/wp\/v2\/types\/post"}],"author":[{"embeddable":true,"href":"https:\/\/ambientestereo.fm\/sitio\/wp-json\/wp\/v2\/users\/6"}],"replies":[{"embeddable":true,"href":"https:\/\/ambientestereo.fm\/sitio\/wp-json\/wp\/v2\/comments?post=49624"}],"version-history":[{"count":1,"href":"https:\/\/ambientestereo.fm\/sitio\/wp-json\/wp\/v2\/posts\/49624\/revisions"}],"predecessor-version":[{"id":49626,"href":"https:\/\/ambientestereo.fm\/sitio\/wp-json\/wp\/v2\/posts\/49624\/revisions\/49626"}],"wp:featuredmedia":[{"embeddable":true,"href":"https:\/\/ambientestereo.fm\/sitio\/wp-json\/wp\/v2\/media\/49625"}],"wp:attachment":[{"href":"https:\/\/ambientestereo.fm\/sitio\/wp-json\/wp\/v2\/media?parent=49624"}],"wp:term":[{"taxonomy":"category","embeddable":true,"href":"https:\/\/ambientestereo.fm\/sitio\/wp-json\/wp\/v2\/categories?post=49624"},{"taxonomy":"post_tag","embeddable":true,"href":"https:\/\/ambientestereo.fm\/sitio\/wp-json\/wp\/v2\/tags?post=49624"}],"curies":[{"name":"wp","href":"https:\/\/api.w.org\/{rel}","templated":true}]}}