{"id":49627,"date":"2026-08-31T06:01:55","date_gmt":"2026-08-31T11:01:55","guid":{"rendered":"https:\/\/ambientestereo.fm\/sitio\/?p=49627"},"modified":"2026-08-31T06:01:57","modified_gmt":"2026-08-31T11:01:57","slug":"pogacar-reaparece-en-redes-tras-abandonar-la-vuelta-a-espana","status":"publish","type":"post","link":"https:\/\/ambientestereo.fm\/sitio\/noticias\/pogacar-reaparece-en-redes-tras-abandonar-la-vuelta-a-espana\/","title":{"rendered":"Pogacar reaparece en redes tras abandonar la Vuelta a Espa\u00f1a"},"content":{"rendered":"\n<p class=\"wp-block-paragraph\">El esloveno Tadej Pogacar, que el s\u00e1bado 30 de agosto abandon\u00f3 la Vuelta a Espa\u00f1a tras una dura ca\u00edda, reapareci\u00f3 en redes sociales este domingo con una foto desde el hospital.<\/p>\n\n\n\n<p class=\"wp-block-paragraph\">Pogacar, firme l\u00edder de La Vuelta hasta su ca\u00edda, salud\u00f3 a sus seguidores en su cuenta de Instagram.<\/p>\n\n\n\n<p class=\"wp-block-paragraph\">Seg\u00fan el parte m\u00e9dico facilitado por su equipo, Pogacar, que apuntaba a ganar la ronda espa\u00f1ola, sufri\u00f3 una \u00abconmoci\u00f3n cerebral, fractura desplazada de la clav\u00edcula izquierda, fractura estable de la v\u00e9rtebra cervical C7 y m\u00faltiples abrasiones\u00bb.<\/p>\n\n\n\n<p class=\"wp-block-paragraph\">\u00abAfortunadamente, no presenta ninguna otra lesi\u00f3n grave ni secuelas neurol\u00f3gicas. Tendr\u00e1 que someterse a una intervenci\u00f3n quir\u00fargica en la clav\u00edcula, que ser\u00e1 aplazada como medida de precauci\u00f3n debido a la conmoci\u00f3n cerebral\u00bb, a\u00f1adi\u00f3 el UAE.<\/p>\n\n\n\n<p class=\"wp-block-paragraph\">El ciclista muestra un ap\u00f3sito junto la ceja derecha. As\u00ed como en su mano derecha, con la que hace su habitual gesto con el \u00edndice y el me\u00f1ique levantados.<\/p>\n\n\n\n<p class=\"wp-block-paragraph\">El ciclista del UAE acompa\u00f1a su foto con la m\u00fasica de la canci\u00f3n \u00abStayin&#8217; alive\u00bb de los Bee Gees. As\u00ed parece mostrarse animado, a la espera de pasar por el quir\u00f3fano para operarse de la clav\u00edcula.<\/p>\n\n\n\n<p class=\"wp-block-paragraph\">El equipo de Pogacar no precisa su tiempo de baja. No obstante, su situaci\u00f3n parece descartar que pueda defender su t\u00edtulo mundial a finales de septiembre en Canad\u00e1.<\/p>\n\n\n\n<p class=\"wp-block-paragraph\">Fuente: AFP<\/p>\n","protected":false},"excerpt":{"rendered":"<p>El esloveno Tadej Pogacar, que el s\u00e1bado 30 de agosto abandon\u00f3 la Vuelta a Espa\u00f1a&#8230;<\/p>\n","protected":false},"author":6,"featured_media":49628,"comment_status":"closed","ping_status":"closed","sticky":false,"template":"","format":"standard","meta":{"_acf_changed":false,"footnotes":""},"categories":[287,413],"tags":[],"class_list":["post-49627","post","type-post","status-publish","format-standard","has-post-thumbnail","hentry","category-noticias","category-tendencia"],"acf":[],"comment_count":0,"featured_image_url":"https:\/\/ambientestereo.fm\/sitio\/wp-content\/uploads\/2026\/08\/Tadej_Pogacar.jpg","thumbnail":"https:\/\/ambientestereo.fm\/sitio\/wp-content\/uploads\/2026\/08\/Tadej_Pogacar-150x150.jpg","_links":{"self":[{"href":"https:\/\/ambientestereo.fm\/sitio\/wp-json\/wp\/v2\/posts\/49627","targetHints":{"allow":["GET"]}}],"collection":[{"href":"https:\/\/ambientestereo.fm\/sitio\/wp-json\/wp\/v2\/posts"}],"about":[{"href":"https:\/\/ambientestereo.fm\/sitio\/wp-json\/wp\/v2\/types\/post"}],"author":[{"embeddable":true,"href":"https:\/\/ambientestereo.fm\/sitio\/wp-json\/wp\/v2\/users\/6"}],"replies":[{"embeddable":true,"href":"https:\/\/ambientestereo.fm\/sitio\/wp-json\/wp\/v2\/comments?post=49627"}],"version-history":[{"count":1,"href":"https:\/\/ambientestereo.fm\/sitio\/wp-json\/wp\/v2\/posts\/49627\/revisions"}],"predecessor-version":[{"id":49629,"href":"https:\/\/ambientestereo.fm\/sitio\/wp-json\/wp\/v2\/posts\/49627\/revisions\/49629"}],"wp:featuredmedia":[{"embeddable":true,"href":"https:\/\/ambientestereo.fm\/sitio\/wp-json\/wp\/v2\/media\/49628"}],"wp:attachment":[{"href":"https:\/\/ambientestereo.fm\/sitio\/wp-json\/wp\/v2\/media?parent=49627"}],"wp:term":[{"taxonomy":"category","embeddable":true,"href":"https:\/\/ambientestereo.fm\/sitio\/wp-json\/wp\/v2\/categories?post=49627"},{"taxonomy":"post_tag","embeddable":true,"href":"https:\/\/ambientestereo.fm\/sitio\/wp-json\/wp\/v2\/tags?post=49627"}],"curies":[{"name":"wp","href":"https:\/\/api.w.org\/{rel}","templated":true}]}}