{"id":49631,"date":"2026-08-31T06:17:48","date_gmt":"2026-08-31T11:17:48","guid":{"rendered":"https:\/\/ambientestereo.fm\/sitio\/?p=49631"},"modified":"2026-08-31T06:17:49","modified_gmt":"2026-08-31T11:17:49","slug":"bloque-de-busqueda-contra-corrupcion-y-extorsion","status":"publish","type":"post","link":"https:\/\/ambientestereo.fm\/sitio\/noticias\/bloque-de-busqueda-contra-corrupcion-y-extorsion\/","title":{"rendered":"Bloque de b\u00fasqueda contra corrupci\u00f3n y extorsi\u00f3n"},"content":{"rendered":"\n<p class=\"wp-block-paragraph\">Durante una alocuci\u00f3n este domingo 30 de agosto, el presidente Abelardo De La Espriella hizo varios anuncios, algunos de los cuales ya hab\u00edan sido adelantados.<\/p>\n\n\n\n<p class=\"wp-block-paragraph\">En su intervenci\u00f3n al pa\u00eds, el jefe de Estado revel\u00f3 que crear\u00e1 un bloque de b\u00fasqueda contra la extorsi\u00f3n, que concentrar\u00e1 las capacidades del Ej\u00e9rcito, la Polic\u00eda, la Armada, la Fuerza A\u00e9rea y la Fiscal\u00eda.<br>\u00abVamos a iniciar una cruzada como nunca antes contra la corrupci\u00f3n. Caiga quien caiga. Voy a perseguir la corrupci\u00f3n venga donde venga\u00bb, declar\u00f3 el Presidente, que al mismo tiempo habl\u00f3 de una prohibici\u00f3n expresa a su familia y a sus amigos para tratar de influenciar acciones del Gobierno Nacional, un tema que le caus\u00f3 m\u00faltiples esc\u00e1ndalos a la pasada administraci\u00f3n.<\/p>\n\n\n\n<p class=\"wp-block-paragraph\">El presidente De La Espriella dijo que hay \u00abcorruptos enquistados en el Estado\u201d y que ya tiene la informaci\u00f3n clara sobre ese particular. \u201cPersonalmente les voy a caer y pronto les estar\u00e9 informando sobre los resultados\u00bb.<\/p>\n\n\n\n<p class=\"wp-block-paragraph\">Asegur\u00f3 que su principal objetivo ser\u00e1 acabar con ese delito y que no tendr\u00e1 problema en evidenciar la corrupci\u00f3n en el Estado sin importar que \u201ccaiga el que caiga\u201d.<\/p>\n\n\n\n<p class=\"wp-block-paragraph\">\u00abEsto lo mencion\u00e9 en campa\u00f1a y lo estoy cumpliendo. He ordenado la creaci\u00f3n del bloque de b\u00fasqueda contra la extorsi\u00f3n; debe ser a nivel nacional y concentrar\u00e1 las capacidades del Ej\u00e9rcito, la Fuerza A\u00e9rea, la Armada de Colombia y con articulaci\u00f3n de la Fiscal\u00eda y la judicatura para que la investigaci\u00f3n e inteligencia sirva para identificar, ubicar y capturar a las estructuras que viven de extorsionar a los colombianos\u00bb, dijo el mandatario.<\/p>\n\n\n\n<p class=\"wp-block-paragraph\">De La Espriella asegur\u00f3 que todos aquellos que se dedican a la extorsi\u00f3n ser\u00e1n perseguidos y que no tolerar\u00e1 que se siga amedrentando a los colombianos en las diferentes zonas del pa\u00eds.<\/p>\n\n\n\n<p class=\"wp-block-paragraph\">Adem\u00e1s dijo que tambi\u00e9n conformar\u00e1 un bloque contra la corrupci\u00f3n que depender\u00e1 directamente de su despacho y que investigar\u00e1 las actuaciones y contratos del Gobierno anterior.<\/p>\n\n\n\n<p class=\"wp-block-paragraph\">En otro mensaje, el presidente De La Espriella destac\u00f3 que, luego de 15 a\u00f1os de negociaciones estancadas, su Gobierno logr\u00f3 avances para destrabar el acuerdo de asociaci\u00f3n econ\u00f3mica entre Colombia y Jap\u00f3n.<\/p>\n\n\n\n<p class=\"wp-block-paragraph\">Fuente: REVISTA SEMANA<\/p>\n","protected":false},"excerpt":{"rendered":"<p>Durante una alocuci\u00f3n este domingo 30 de agosto, el presidente Abelardo De La Espriella hizo&#8230;<\/p>\n","protected":false},"author":6,"featured_media":49632,"comment_status":"closed","ping_status":"closed","sticky":false,"template":"","format":"standard","meta":{"_acf_changed":false,"footnotes":""},"categories":[294,287],"tags":[],"class_list":["post-49631","post","type-post","status-publish","format-standard","has-post-thumbnail","hentry","category-actualidad","category-noticias"],"acf":[],"comment_count":0,"featured_image_url":"https:\/\/ambientestereo.fm\/sitio\/wp-content\/uploads\/2026\/08\/bloque_busqueda_corrupcion.jpg","thumbnail":"https:\/\/ambientestereo.fm\/sitio\/wp-content\/uploads\/2026\/08\/bloque_busqueda_corrupcion-150x150.jpg","_links":{"self":[{"href":"https:\/\/ambientestereo.fm\/sitio\/wp-json\/wp\/v2\/posts\/49631","targetHints":{"allow":["GET"]}}],"collection":[{"href":"https:\/\/ambientestereo.fm\/sitio\/wp-json\/wp\/v2\/posts"}],"about":[{"href":"https:\/\/ambientestereo.fm\/sitio\/wp-json\/wp\/v2\/types\/post"}],"author":[{"embeddable":true,"href":"https:\/\/ambientestereo.fm\/sitio\/wp-json\/wp\/v2\/users\/6"}],"replies":[{"embeddable":true,"href":"https:\/\/ambientestereo.fm\/sitio\/wp-json\/wp\/v2\/comments?post=49631"}],"version-history":[{"count":1,"href":"https:\/\/ambientestereo.fm\/sitio\/wp-json\/wp\/v2\/posts\/49631\/revisions"}],"predecessor-version":[{"id":49633,"href":"https:\/\/ambientestereo.fm\/sitio\/wp-json\/wp\/v2\/posts\/49631\/revisions\/49633"}],"wp:featuredmedia":[{"embeddable":true,"href":"https:\/\/ambientestereo.fm\/sitio\/wp-json\/wp\/v2\/media\/49632"}],"wp:attachment":[{"href":"https:\/\/ambientestereo.fm\/sitio\/wp-json\/wp\/v2\/media?parent=49631"}],"wp:term":[{"taxonomy":"category","embeddable":true,"href":"https:\/\/ambientestereo.fm\/sitio\/wp-json\/wp\/v2\/categories?post=49631"},{"taxonomy":"post_tag","embeddable":true,"href":"https:\/\/ambientestereo.fm\/sitio\/wp-json\/wp\/v2\/tags?post=49631"}],"curies":[{"name":"wp","href":"https:\/\/api.w.org\/{rel}","templated":true}]}}