{"id":49643,"date":"2026-09-01T00:05:00","date_gmt":"2026-09-01T05:05:00","guid":{"rendered":"https:\/\/ambientestereo.fm\/sitio\/?p=49643"},"modified":"2026-08-31T21:10:06","modified_gmt":"2026-09-01T02:10:06","slug":"colombia-prioriza-reactivacion-comercial-con-japon","status":"publish","type":"post","link":"https:\/\/ambientestereo.fm\/sitio\/noticias\/colombia-prioriza-reactivacion-comercial-con-japon\/","title":{"rendered":"Colombia prioriza reactivaci\u00f3n comercial con Jap\u00f3n"},"content":{"rendered":"\n<p class=\"wp-block-paragraph\">El Gobierno de Colombia ha priorizado la reactivaci\u00f3n de las relaciones comerciales y de inversi\u00f3n con Jap\u00f3n, enfocando sus esfuerzos en atraer de nuevo a grandes multinacionales de la industria asi\u00e1tica.<\/p>\n\n\n\n<p class=\"wp-block-paragraph\">\u201cDespu\u00e9s de cerca de 15 a\u00f1os de negociaciones paralizadas, en los primeros 15 d\u00edas de mi gobierno logramos dar pasos significativos para destrabar el acuerdo de asociaci\u00f3n econ\u00f3mica entre Colombia y Jap\u00f3n\u201d, declar\u00f3 el presidente Abelardo De La Espriella.<\/p>\n\n\n\n<p class=\"wp-block-paragraph\">El objetivo de estos acercamientos consiste en incentivar la transferencia de tecnolog\u00eda y la inversi\u00f3n en la industria local. En particular, la administraci\u00f3n busca el retorno de las operaciones de ensamblaje de veh\u00edculos de Mazda, firma que clausur\u00f3 su planta de producci\u00f3n en el territorio nacional en el a\u00f1o 2014.<\/p>\n\n\n\n<p class=\"wp-block-paragraph\">\u00abEl Gobierno logr\u00f3 reactivar el Acuerdo de Asociaci\u00f3n Econ\u00f3mica entre Colombia y Jap\u00f3n, con el prop\u00f3sito de abrir nuevos mercados para los productos colombianos y fortalecer la inversi\u00f3n y la transferencia de tecnolog\u00eda\u00bb, inform\u00f3 el Ministerio de Comercio, Industria y Turismo.<br>Asimismo, el Ejecutivo pretende que Toyota estudie a Colombia como destino para el desarrollo de proyectos de movilidad el\u00e9ctrica.<br>Frente a estas iniciativas, el presidente de la Espriella enfatiz\u00f3: \u201cEstamos trabajando, por ejemplo, para que Mazda pueda volver a ensamblar veh\u00edculos en Colombia, para que Toyota eval\u00fae a nuestro pa\u00eds como destino de proyectos relacionados con veh\u00edculos el\u00e9ctricos. Aqu\u00ed les vamos a dar todas las garant\u00edas\u201d.<br>Los acercamientos comerciales abarcan adem\u00e1s la posibilidad de desarrollar proyectos conjuntos en manufactura, energ\u00eda, infraestructura digital, innovaci\u00f3n y tecnolog\u00eda.<\/p>\n\n\n\n<p class=\"wp-block-paragraph\">Fuente: PORTAFOLIO<\/p>\n","protected":false},"excerpt":{"rendered":"<p>El Gobierno de Colombia ha priorizado la reactivaci\u00f3n de las relaciones comerciales y de inversi\u00f3n&#8230;<\/p>\n","protected":false},"author":6,"featured_media":49644,"comment_status":"closed","ping_status":"closed","sticky":false,"template":"","format":"standard","meta":{"_acf_changed":false,"footnotes":""},"categories":[412,287],"tags":[],"class_list":["post-49643","post","type-post","status-publish","format-standard","has-post-thumbnail","hentry","category-destacado","category-noticias"],"acf":[],"comment_count":0,"featured_image_url":"https:\/\/ambientestereo.fm\/sitio\/wp-content\/uploads\/2026\/08\/ensamblaje_vehiculos-1.jpg","thumbnail":"https:\/\/ambientestereo.fm\/sitio\/wp-content\/uploads\/2026\/08\/ensamblaje_vehiculos-1-150x150.jpg","_links":{"self":[{"href":"https:\/\/ambientestereo.fm\/sitio\/wp-json\/wp\/v2\/posts\/49643","targetHints":{"allow":["GET"]}}],"collection":[{"href":"https:\/\/ambientestereo.fm\/sitio\/wp-json\/wp\/v2\/posts"}],"about":[{"href":"https:\/\/ambientestereo.fm\/sitio\/wp-json\/wp\/v2\/types\/post"}],"author":[{"embeddable":true,"href":"https:\/\/ambientestereo.fm\/sitio\/wp-json\/wp\/v2\/users\/6"}],"replies":[{"embeddable":true,"href":"https:\/\/ambientestereo.fm\/sitio\/wp-json\/wp\/v2\/comments?post=49643"}],"version-history":[{"count":2,"href":"https:\/\/ambientestereo.fm\/sitio\/wp-json\/wp\/v2\/posts\/49643\/revisions"}],"predecessor-version":[{"id":49646,"href":"https:\/\/ambientestereo.fm\/sitio\/wp-json\/wp\/v2\/posts\/49643\/revisions\/49646"}],"wp:featuredmedia":[{"embeddable":true,"href":"https:\/\/ambientestereo.fm\/sitio\/wp-json\/wp\/v2\/media\/49644"}],"wp:attachment":[{"href":"https:\/\/ambientestereo.fm\/sitio\/wp-json\/wp\/v2\/media?parent=49643"}],"wp:term":[{"taxonomy":"category","embeddable":true,"href":"https:\/\/ambientestereo.fm\/sitio\/wp-json\/wp\/v2\/categories?post=49643"},{"taxonomy":"post_tag","embeddable":true,"href":"https:\/\/ambientestereo.fm\/sitio\/wp-json\/wp\/v2\/tags?post=49643"}],"curies":[{"name":"wp","href":"https:\/\/api.w.org\/{rel}","templated":true}]}}