{"id":49647,"date":"2026-09-01T00:11:00","date_gmt":"2026-09-01T05:11:00","guid":{"rendered":"https:\/\/ambientestereo.fm\/sitio\/?p=49647"},"modified":"2026-08-31T21:29:29","modified_gmt":"2026-09-01T02:29:29","slug":"messi-se-retira-de-la-seleccion-de-argentina","status":"publish","type":"post","link":"https:\/\/ambientestereo.fm\/sitio\/noticias\/messi-se-retira-de-la-seleccion-de-argentina\/","title":{"rendered":"Messi se retira de la selecci\u00f3n de Argentina"},"content":{"rendered":"\n<p class=\"wp-block-paragraph\">El astro del f\u00fatbol Lionel Messi anunci\u00f3 su retiro de la selecci\u00f3n de Argentina, casi un mes y medio despu\u00e9s de haber perdido la final del Mundial de 2026 ante Espa\u00f1a.<\/p>\n\n\n\n<p class=\"wp-block-paragraph\">El fin de la carrera internacional del crack de 39 a\u00f1os tiene lugar tres semanas m\u00e1s tarde de la muerte de Jorge Messi, padre, representante y pieza angular en la carrera del ahora excapit\u00e1n de la Albiceleste.<\/p>\n\n\n\n<p class=\"wp-block-paragraph\">El Diez pone fin de esta manera a 21 a\u00f1os de defender a su pa\u00eds, con el que gan\u00f3 el Mundial de Catar 2022, las Copas Am\u00e9rica de 2021 y 2025, as\u00ed como la Finalissima de 2022.<\/p>\n\n\n\n<p class=\"wp-block-paragraph\">Tuvo un comienzo turbulento para conquistar a sus compatriotas y trasladar a Argentina la magia con la que enamor\u00f3 al mundo en el FC Barcelona.<\/p>\n\n\n\n<p class=\"wp-block-paragraph\">Pero alz\u00f3 vuelo de la mano del seleccionador Lionel Scaloni, junto a quien comand\u00f3 la que muchos consideran la mejor selecci\u00f3n albiceleste de la historia.<\/p>\n\n\n\n<p class=\"wp-block-paragraph\">\u00abFue una decisi\u00f3n que doli\u00f3 y duele en el alma pero entiendo que es el momento. Les juro que siempre dej\u00e9 todo, no solo los \u00faltimos a\u00f1os que se gan\u00f3 todo antes tambi\u00e9n y siempre pele\u00e9 y me dej\u00e9 todo por esta camiseta\u00bb, escribi\u00f3 Messi en Instagram.<\/p>\n\n\n\n<p class=\"wp-block-paragraph\">El anuncio de su retiro internacional era esperable, pues el futbolista ya hab\u00eda dicho que la Copa del Mundo de Norteam\u00e9rica, ser\u00eda su sexta y \u00faltima.<\/p>\n\n\n\n<p class=\"wp-block-paragraph\">D\u00edas despu\u00e9s de la muerte de su padre, el 8 de agosto, el atacante dijo que evaluaba anticipar su retiro del f\u00fatbol a pesar de que tiene contrato con el Inter Miami hasta 2028.<\/p>\n\n\n\n<p class=\"wp-block-paragraph\">\u00abQueda poco y se van cerrando etapas y esta es una que me duele mucho. Amo, am\u00e9 y amar\u00e9 siempre estar en la Selecci\u00f3n. Me vaci\u00e9, ya no tengo m\u00e1s para dar y aparte vienen chicos muy grandes atr\u00e1s que merecen estar\u00bb, dijo.<\/p>\n\n\n\n<p class=\"wp-block-paragraph\">El ganador de ocho Balones de Oro revel\u00f3 que escribi\u00f3 el texto en el que anuncia su despedida de la Albiceleste el 21 de julio, dos d\u00edas despu\u00e9s de perder la final del Mundial contra Espa\u00f1a (1-0).<\/p>\n\n\n\n<p class=\"wp-block-paragraph\">Y que el fallecimiento de su padre impuls\u00f3 la decisi\u00f3n de sepultar su aventura con el equipo nacional.<\/p>\n\n\n\n<p class=\"wp-block-paragraph\">\u00abDespu\u00e9s de lo de mi pap\u00e1, estoy m\u00e1s convencido que antes\u00bb, sostuvo.<\/p>\n\n\n\n<p class=\"wp-block-paragraph\">Fuente: BLU RADIO<\/p>\n","protected":false},"excerpt":{"rendered":"<p>El astro del f\u00fatbol Lionel Messi anunci\u00f3 su retiro de la selecci\u00f3n de Argentina, casi&#8230;<\/p>\n","protected":false},"author":6,"featured_media":48476,"comment_status":"closed","ping_status":"closed","sticky":false,"template":"","format":"standard","meta":{"_acf_changed":false,"footnotes":""},"categories":[294,287],"tags":[],"class_list":["post-49647","post","type-post","status-publish","format-standard","has-post-thumbnail","hentry","category-actualidad","category-noticias"],"acf":[],"comment_count":0,"featured_image_url":"https:\/\/ambientestereo.fm\/sitio\/wp-content\/uploads\/2026\/06\/lionel-messi-.jpg","thumbnail":"https:\/\/ambientestereo.fm\/sitio\/wp-content\/uploads\/2026\/06\/lionel-messi--150x150.jpg","_links":{"self":[{"href":"https:\/\/ambientestereo.fm\/sitio\/wp-json\/wp\/v2\/posts\/49647","targetHints":{"allow":["GET"]}}],"collection":[{"href":"https:\/\/ambientestereo.fm\/sitio\/wp-json\/wp\/v2\/posts"}],"about":[{"href":"https:\/\/ambientestereo.fm\/sitio\/wp-json\/wp\/v2\/types\/post"}],"author":[{"embeddable":true,"href":"https:\/\/ambientestereo.fm\/sitio\/wp-json\/wp\/v2\/users\/6"}],"replies":[{"embeddable":true,"href":"https:\/\/ambientestereo.fm\/sitio\/wp-json\/wp\/v2\/comments?post=49647"}],"version-history":[{"count":1,"href":"https:\/\/ambientestereo.fm\/sitio\/wp-json\/wp\/v2\/posts\/49647\/revisions"}],"predecessor-version":[{"id":49648,"href":"https:\/\/ambientestereo.fm\/sitio\/wp-json\/wp\/v2\/posts\/49647\/revisions\/49648"}],"wp:featuredmedia":[{"embeddable":true,"href":"https:\/\/ambientestereo.fm\/sitio\/wp-json\/wp\/v2\/media\/48476"}],"wp:attachment":[{"href":"https:\/\/ambientestereo.fm\/sitio\/wp-json\/wp\/v2\/media?parent=49647"}],"wp:term":[{"taxonomy":"category","embeddable":true,"href":"https:\/\/ambientestereo.fm\/sitio\/wp-json\/wp\/v2\/categories?post=49647"},{"taxonomy":"post_tag","embeddable":true,"href":"https:\/\/ambientestereo.fm\/sitio\/wp-json\/wp\/v2\/tags?post=49647"}],"curies":[{"name":"wp","href":"https:\/\/api.w.org\/{rel}","templated":true}]}}