{"id":49652,"date":"2026-09-01T00:02:00","date_gmt":"2026-09-01T05:02:00","guid":{"rendered":"https:\/\/ambientestereo.fm\/sitio\/?p=49652"},"modified":"2026-08-31T22:06:41","modified_gmt":"2026-09-01T03:06:41","slug":"colombia-tiene-una-nueva-especie-de-rana","status":"publish","type":"post","link":"https:\/\/ambientestereo.fm\/sitio\/noticias\/colombia-tiene-una-nueva-especie-de-rana\/","title":{"rendered":"Colombia tiene una nueva especie de rana"},"content":{"rendered":"\n<p class=\"wp-block-paragraph\">La biodiversidad colombiana suma una nueva especie de anfibio: la Niceforonia tempestuosa, una rana descrita oficialmente por la ciencia a partir de ejemplares provenientes de los bosques de los departamentos del Valle del Cauca y Choc\u00f3.<\/p>\n\n\n\n<p class=\"wp-block-paragraph\">El hallazgo representa un avance para el conocimiento de la biodiversidad del pa\u00eds, pero tambi\u00e9n destaca por la participaci\u00f3n directa de comunidades locales en el proceso de investigaci\u00f3n.<\/p>\n\n\n\n<p class=\"wp-block-paragraph\">El nombre de la nueva especie fue elegido colectivamente con las comunidades del territorio. Tempestuosa hace referencia a la emergencia clim\u00e1tica: la \u201ctempestad\u201d simboliza el aumento en la frecuencia e intensidad de eventos meteorol\u00f3gicos extremos que amenazan a la biodiversidad del planeta.<\/p>\n\n\n\n<p class=\"wp-block-paragraph\">La investigaci\u00f3n cont\u00f3 con la coautor\u00eda de integrantes de la organizaci\u00f3n comunitaria Serraniagua y del grupo ambiental local BioBalsal, del municipio de Versalles. Sus miembros fueron capacitados y participaron en las distintas etapas del proceso cient\u00edfico.<\/p>\n\n\n\n<p class=\"wp-block-paragraph\">La nueva especie presenta caracter\u00edsticas que permiten diferenciarla de otras especies del g\u00e9nero Niceforonia, entre ellas pliegues dorsolaterales, una membrana timp\u00e1nica visible, una hinchaz\u00f3n carnosa en el labio de los machos adultos y almohadillas nupciales.<\/p>\n\n\n\n<p class=\"wp-block-paragraph\">Expertos se\u00f1alan que el descubrimiento reafirma adem\u00e1s la importancia de la Serran\u00eda de los Paraguas como refugio para la biodiversidad frente a la crisis ambiental. Al mismo tiempo, pone la atenci\u00f3n sobre las presiones territoriales impulsadas bajo discursos de \u201cdesarrollo local\u201d que pueden ocultar impactos socioambientales de largo plazo.<\/p>\n\n\n\n<p class=\"wp-block-paragraph\">La descripci\u00f3n de Niceforonia tempestuosa muestra c\u00f3mo la ciencia y el conocimiento comunitario pueden converger para documentar y proteger la biodiversidad.<\/p>\n\n\n\n<p class=\"wp-block-paragraph\">Fuente: MONGABAY<\/p>\n","protected":false},"excerpt":{"rendered":"<p>La biodiversidad colombiana suma una nueva especie de anfibio: la Niceforonia tempestuosa, una rana descrita&#8230;<\/p>\n","protected":false},"author":6,"featured_media":49653,"comment_status":"closed","ping_status":"closed","sticky":false,"template":"","format":"standard","meta":{"_acf_changed":false,"footnotes":""},"categories":[287,384],"tags":[],"class_list":["post-49652","post","type-post","status-publish","format-standard","has-post-thumbnail","hentry","category-noticias","category-verde-tierra-2"],"acf":[],"comment_count":0,"featured_image_url":"https:\/\/ambientestereo.fm\/sitio\/wp-content\/uploads\/2026\/08\/rana_especie_niceforonia_tempestuosa-1.jpg","thumbnail":"https:\/\/ambientestereo.fm\/sitio\/wp-content\/uploads\/2026\/08\/rana_especie_niceforonia_tempestuosa-1-150x150.jpg","_links":{"self":[{"href":"https:\/\/ambientestereo.fm\/sitio\/wp-json\/wp\/v2\/posts\/49652","targetHints":{"allow":["GET"]}}],"collection":[{"href":"https:\/\/ambientestereo.fm\/sitio\/wp-json\/wp\/v2\/posts"}],"about":[{"href":"https:\/\/ambientestereo.fm\/sitio\/wp-json\/wp\/v2\/types\/post"}],"author":[{"embeddable":true,"href":"https:\/\/ambientestereo.fm\/sitio\/wp-json\/wp\/v2\/users\/6"}],"replies":[{"embeddable":true,"href":"https:\/\/ambientestereo.fm\/sitio\/wp-json\/wp\/v2\/comments?post=49652"}],"version-history":[{"count":1,"href":"https:\/\/ambientestereo.fm\/sitio\/wp-json\/wp\/v2\/posts\/49652\/revisions"}],"predecessor-version":[{"id":49654,"href":"https:\/\/ambientestereo.fm\/sitio\/wp-json\/wp\/v2\/posts\/49652\/revisions\/49654"}],"wp:featuredmedia":[{"embeddable":true,"href":"https:\/\/ambientestereo.fm\/sitio\/wp-json\/wp\/v2\/media\/49653"}],"wp:attachment":[{"href":"https:\/\/ambientestereo.fm\/sitio\/wp-json\/wp\/v2\/media?parent=49652"}],"wp:term":[{"taxonomy":"category","embeddable":true,"href":"https:\/\/ambientestereo.fm\/sitio\/wp-json\/wp\/v2\/categories?post=49652"},{"taxonomy":"post_tag","embeddable":true,"href":"https:\/\/ambientestereo.fm\/sitio\/wp-json\/wp\/v2\/tags?post=49652"}],"curies":[{"name":"wp","href":"https:\/\/api.w.org\/{rel}","templated":true}]}}