{"id":49658,"date":"2026-09-01T15:33:11","date_gmt":"2026-09-01T20:33:11","guid":{"rendered":"https:\/\/ambientestereo.fm\/sitio\/?p=49658"},"modified":"2026-09-01T15:33:12","modified_gmt":"2026-09-01T20:33:12","slug":"de-la-espriella-posesiono-a-los-magistrados-del-cne","status":"publish","type":"post","link":"https:\/\/ambientestereo.fm\/sitio\/noticias\/de-la-espriella-posesiono-a-los-magistrados-del-cne\/","title":{"rendered":"De La Espriella posesion\u00f3 a los magistrados del CNE"},"content":{"rendered":"\n<p class=\"wp-block-paragraph\">El presidente Abelardo De La Espriella posesion\u00f3 en Barranquilla a los nueve magistrados del Consejo Nacional Electoral (CNE), elegidos por el Congreso de la Rep\u00fablica, y quienes asumieron oficialmente sus cargos para el pr\u00f3ximo cuatrienio.<\/p>\n\n\n\n<p class=\"wp-block-paragraph\">Los nuevos magistrados del CNE son Nubia Stella Mart\u00ednez, Silvio Carrasquilla, Juan Carlos Wills, Juan Felipe Lemus, Antonio Parra, Plinio Alarc\u00f3n, Cielo Rusinque, Ana Jimena Bautista y Gersel P\u00e9rez.<\/p>\n\n\n\n<p class=\"wp-block-paragraph\">De La Espriella sostuvo que espera que los magistrados ejerzan su funci\u00f3n sin temor a se\u00f1alar las dificultades que encuentren en el sistema electoral y formulen propuestas de reforma durante los pr\u00f3ximos cuatro a\u00f1os.<\/p>\n\n\n\n<p class=\"wp-block-paragraph\">\u201cEspero como presidente que durante los pr\u00f3ximos cuatro a\u00f1os identifiquen sin temor las dificultades en nuestro sistema electoral y le propongan al pa\u00eds las reformas que ustedes consideren necesarias para corregirlas\u201d, afirm\u00f3.<\/p>\n\n\n\n<p class=\"wp-block-paragraph\">El mandatario tambi\u00e9n hizo \u00e9nfasis en la independencia que, seg\u00fan dijo, debe existir entre las instituciones y las diferencias ideol\u00f3gicas que puedan tener sus integrantes.<\/p>\n\n\n\n<p class=\"wp-block-paragraph\">\u201cUstedes hoy son magistrados, yo estoy en la Presidencia. No se trata de diferencias ideol\u00f3gicas, se trata de la democracia, y quien no entiende la posici\u00f3n que debe asumir en un rol como este no es digno de ostentar una posici\u00f3n\u201d, se\u00f1al\u00f3.<\/p>\n\n\n\n<p class=\"wp-block-paragraph\">El presidente insisti\u00f3 en que el papel de los magistrados debe estar orientado al cumplimiento de sus responsabilidades institucionales y a la defensa del proceso democr\u00e1tico.<\/p>\n\n\n\n<p class=\"wp-block-paragraph\">En su intervenci\u00f3n, el jefe de Estado tambi\u00e9n se refiri\u00f3 al proceso electoral que antecedi\u00f3 su llegada a la Presidencia y asegur\u00f3 que durante la campa\u00f1a se presentaron situaciones que, a su juicio, pusieron en riesgo la confianza en las elecciones.<\/p>\n\n\n\n<p class=\"wp-block-paragraph\">De La Espriella record\u00f3 las declaraciones del procurador, Gregorio Eljach, quien hab\u00eda advertido que las elecciones estuvieron en riesgo. Frente a esa afirmaci\u00f3n, el presidente manifest\u00f3 que coincid\u00eda con el diagn\u00f3stico del jefe del Ministerio P\u00fablico.<\/p>\n\n\n\n<p class=\"wp-block-paragraph\">Fuente: La FM<\/p>\n","protected":false},"excerpt":{"rendered":"<p>El presidente Abelardo De La Espriella posesion\u00f3 en Barranquilla a los nueve magistrados del Consejo&#8230;<\/p>\n","protected":false},"author":6,"featured_media":47562,"comment_status":"closed","ping_status":"closed","sticky":false,"template":"","format":"standard","meta":{"_acf_changed":false,"footnotes":""},"categories":[412,287],"tags":[],"class_list":["post-49658","post","type-post","status-publish","format-standard","has-post-thumbnail","hentry","category-destacado","category-noticias"],"acf":[],"comment_count":0,"featured_image_url":"https:\/\/ambientestereo.fm\/sitio\/wp-content\/uploads\/2026\/04\/CNE.jpg","thumbnail":"https:\/\/ambientestereo.fm\/sitio\/wp-content\/uploads\/2026\/04\/CNE-150x150.jpg","_links":{"self":[{"href":"https:\/\/ambientestereo.fm\/sitio\/wp-json\/wp\/v2\/posts\/49658","targetHints":{"allow":["GET"]}}],"collection":[{"href":"https:\/\/ambientestereo.fm\/sitio\/wp-json\/wp\/v2\/posts"}],"about":[{"href":"https:\/\/ambientestereo.fm\/sitio\/wp-json\/wp\/v2\/types\/post"}],"author":[{"embeddable":true,"href":"https:\/\/ambientestereo.fm\/sitio\/wp-json\/wp\/v2\/users\/6"}],"replies":[{"embeddable":true,"href":"https:\/\/ambientestereo.fm\/sitio\/wp-json\/wp\/v2\/comments?post=49658"}],"version-history":[{"count":1,"href":"https:\/\/ambientestereo.fm\/sitio\/wp-json\/wp\/v2\/posts\/49658\/revisions"}],"predecessor-version":[{"id":49659,"href":"https:\/\/ambientestereo.fm\/sitio\/wp-json\/wp\/v2\/posts\/49658\/revisions\/49659"}],"wp:featuredmedia":[{"embeddable":true,"href":"https:\/\/ambientestereo.fm\/sitio\/wp-json\/wp\/v2\/media\/47562"}],"wp:attachment":[{"href":"https:\/\/ambientestereo.fm\/sitio\/wp-json\/wp\/v2\/media?parent=49658"}],"wp:term":[{"taxonomy":"category","embeddable":true,"href":"https:\/\/ambientestereo.fm\/sitio\/wp-json\/wp\/v2\/categories?post=49658"},{"taxonomy":"post_tag","embeddable":true,"href":"https:\/\/ambientestereo.fm\/sitio\/wp-json\/wp\/v2\/tags?post=49658"}],"curies":[{"name":"wp","href":"https:\/\/api.w.org\/{rel}","templated":true}]}}