{"id":49660,"date":"2026-09-02T00:39:00","date_gmt":"2026-09-02T05:39:00","guid":{"rendered":"https:\/\/ambientestereo.fm\/sitio\/?p=49660"},"modified":"2026-09-01T20:51:37","modified_gmt":"2026-09-02T01:51:37","slug":"diego-urrego-fue-designado-presidente-de-colpensiones","status":"publish","type":"post","link":"https:\/\/ambientestereo.fm\/sitio\/noticias\/diego-urrego-fue-designado-presidente-de-colpensiones\/","title":{"rendered":"Diego Urrego, designado presidente de Colpensiones"},"content":{"rendered":"\n<p class=\"wp-block-paragraph\">La administraci\u00f3n del sistema p\u00fablico de pensiones en Colombia atraviesa una etapa de cambios que tendr\u00e1 especial relevancia durante los pr\u00f3ximos meses. Colpensiones deber\u00e1 prepararse para asumir nuevas responsabilidades mientras avanza el proceso de implementaci\u00f3n de la reforma pensional, cuya entrada en vigencia est\u00e1 prevista para abril de 2027.<\/p>\n\n\n\n<p class=\"wp-block-paragraph\">En medio de este escenario, la entidad tendr\u00e1 un nuevo encargado al frente de su direcci\u00f3n. Se trata de Diego Alejandro Urrego Escobar, un abogado que lleva varios a\u00f1os vinculado a Colpensiones y que ha ocupado diferentes cargos relacionados con asuntos jur\u00eddicos y de defensa judicial.<\/p>\n\n\n\n<p class=\"wp-block-paragraph\">Urrego fue designado el 1 de septiembre de 2026, como presidente encargado de Colpensiones, decisi\u00f3n que fue tomada por unanimidad por la Junta Directiva de la entidad. La sesi\u00f3n estuvo presidida por la ministra del Trabajo, Natalia L\u00f3pez, quien integra la junta como delegada del presidente de la Rep\u00fablica.<\/p>\n\n\n\n<p class=\"wp-block-paragraph\">El nombramiento se produce mientras Colpensiones se prepara para los cambios que implicar\u00e1 la reforma pensional. La Corte Constitucional aval\u00f3 la mayor parte de la iniciativa, aunque devolvi\u00f3 10 apartes a la C\u00e1mara de Representantes para que se adelante el tr\u00e1mite correspondiente.<\/p>\n\n\n\n<p class=\"wp-block-paragraph\">Antes de asumir esta responsabilidad, Urrego Escobar se desempe\u00f1aba como gerente de Defensa Judicial de Colpensiones, cargo desde el cual ha participado en procesos relacionados con asuntos pensionales y litigios de la entidad.<\/p>\n\n\n\n<p class=\"wp-block-paragraph\">Su trayectoria dentro de Colpensiones se remonta a varios a\u00f1os. En diferentes momentos ha ocupado responsabilidades como gerente Nacional de Defensa Judicial, gerente Nacional de Doctrina, jefe de la Oficina Asesora de Asuntos Legales y secretario t\u00e9cnico de la Junta Directiva.<\/p>\n\n\n\n<p class=\"wp-block-paragraph\">Fuente: La FM<\/p>\n","protected":false},"excerpt":{"rendered":"<p>La administraci\u00f3n del sistema p\u00fablico de pensiones en Colombia atraviesa una etapa de cambios que&#8230;<\/p>\n","protected":false},"author":6,"featured_media":49661,"comment_status":"closed","ping_status":"closed","sticky":false,"template":"","format":"standard","meta":{"_acf_changed":false,"footnotes":""},"categories":[294,287],"tags":[],"class_list":["post-49660","post","type-post","status-publish","format-standard","has-post-thumbnail","hentry","category-actualidad","category-noticias"],"acf":[],"comment_count":0,"featured_image_url":"https:\/\/ambientestereo.fm\/sitio\/wp-content\/uploads\/2026\/09\/Diego_Urrego_Escobar.jpg","thumbnail":"https:\/\/ambientestereo.fm\/sitio\/wp-content\/uploads\/2026\/09\/Diego_Urrego_Escobar-150x150.jpg","_links":{"self":[{"href":"https:\/\/ambientestereo.fm\/sitio\/wp-json\/wp\/v2\/posts\/49660","targetHints":{"allow":["GET"]}}],"collection":[{"href":"https:\/\/ambientestereo.fm\/sitio\/wp-json\/wp\/v2\/posts"}],"about":[{"href":"https:\/\/ambientestereo.fm\/sitio\/wp-json\/wp\/v2\/types\/post"}],"author":[{"embeddable":true,"href":"https:\/\/ambientestereo.fm\/sitio\/wp-json\/wp\/v2\/users\/6"}],"replies":[{"embeddable":true,"href":"https:\/\/ambientestereo.fm\/sitio\/wp-json\/wp\/v2\/comments?post=49660"}],"version-history":[{"count":2,"href":"https:\/\/ambientestereo.fm\/sitio\/wp-json\/wp\/v2\/posts\/49660\/revisions"}],"predecessor-version":[{"id":49669,"href":"https:\/\/ambientestereo.fm\/sitio\/wp-json\/wp\/v2\/posts\/49660\/revisions\/49669"}],"wp:featuredmedia":[{"embeddable":true,"href":"https:\/\/ambientestereo.fm\/sitio\/wp-json\/wp\/v2\/media\/49661"}],"wp:attachment":[{"href":"https:\/\/ambientestereo.fm\/sitio\/wp-json\/wp\/v2\/media?parent=49660"}],"wp:term":[{"taxonomy":"category","embeddable":true,"href":"https:\/\/ambientestereo.fm\/sitio\/wp-json\/wp\/v2\/categories?post=49660"},{"taxonomy":"post_tag","embeddable":true,"href":"https:\/\/ambientestereo.fm\/sitio\/wp-json\/wp\/v2\/tags?post=49660"}],"curies":[{"name":"wp","href":"https:\/\/api.w.org\/{rel}","templated":true}]}}