{"id":49667,"date":"2026-09-02T00:39:00","date_gmt":"2026-09-02T05:39:00","guid":{"rendered":"https:\/\/ambientestereo.fm\/sitio\/?p=49667"},"modified":"2026-09-01T20:40:36","modified_gmt":"2026-09-02T01:40:36","slug":"el-metro-de-bogota-ya-tiene-fecha-de-estreno","status":"publish","type":"post","link":"https:\/\/ambientestereo.fm\/sitio\/noticias\/el-metro-de-bogota-ya-tiene-fecha-de-estreno\/","title":{"rendered":"El metro de Bogot\u00e1 ya tiene fecha de estreno"},"content":{"rendered":"\n<p class=\"wp-block-paragraph\">La primera fecha concreta para el estreno de la L\u00ednea 1 del metro de Bogot\u00e1 ya est\u00e1 sobre la mesa. El Distrito tiene como meta que los ciudadanos puedan utilizar el sistema por primera vez el 15 de marzo de 2028, una fecha anunciada por el alcalde Carlos Fernando Gal\u00e1n durante una entrevista con Blu Radio.<\/p>\n\n\n\n<p class=\"wp-block-paragraph\">\u201cYa hay fecha\u201d, fue una de las precisiones entregadas por el mandatario al referirse al inicio de la operaci\u00f3n. La fecha no corresponde \u00fanicamente a la terminaci\u00f3n de las obras, pues antes de que los pasajeros puedan subir a los trenes ser\u00e1 necesario completar una etapa de pruebas y poner a funcionar de manera coordinada todos los componentes del sistema.<\/p>\n\n\n\n<p class=\"wp-block-paragraph\">El proyecto avanza actualmente en una fase decisiva. Seg\u00fan Gal\u00e1n, la construcci\u00f3n de la primera l\u00ednea ya super\u00f3 el 80% y el principal desaf\u00edo est\u00e1 en lograr que los distintos elementos de la infraestructura funcionen de manera integrada. Trenes, estaciones, rieles, sistemas de comunicaci\u00f3n, automatizaci\u00f3n y el patio taller deber\u00e1n quedar articulados para que el sistema pueda operar. El alcalde explic\u00f3 que esta parte del proceso exige resolver los inconvenientes que puedan aparecer sin afectar el cronograma previsto.<\/p>\n\n\n\n<p class=\"wp-block-paragraph\">Mientras avanza esa integraci\u00f3n, la construcci\u00f3n del viaducto tambi\u00e9n registra nuevos hitos. Uno de ellos fue la terminaci\u00f3n de un puente ferroviario ubicado en la avenida Caracas con avenida El Dorado, una estructura de 215 metros de longitud. Para levantarla fueron utilizados aproximadamente 2.200 metros c\u00fabicos de concreto y m\u00e1s de 500 toneladas de acero. El concreto empleado alcanza una resistencia de 50 megapascales, de acuerdo con la informaci\u00f3n entregada por el alcalde.<\/p>\n\n\n\n<p class=\"wp-block-paragraph\">Con la finalizaci\u00f3n de este puente, el proyecto alcanz\u00f3 17.558 metros de viaducto construidos. La primera l\u00ednea tendr\u00e1 una extensi\u00f3n total de 23,9 kil\u00f3metros y la meta establecida por el Distrito es completar el viaducto en enero de 2027.<\/p>\n\n\n\n<p class=\"wp-block-paragraph\">El avance de la infraestructura se acompa\u00f1a con la llegada de los trenes que prestar\u00e1n el servicio. Bogot\u00e1 ya cuenta con 17 unidades y la previsi\u00f3n es completar 30 durante este a\u00f1o, seg\u00fan explic\u00f3 Gal\u00e1n.<\/p>\n\n\n\n<p class=\"wp-block-paragraph\">Cada tren estar\u00e1 compuesto por seis vagones y tendr\u00e1 una capacidad aproximada para 1.800 pasajeros. Una de sus caracter\u00edsticas ser\u00e1 el nivel de automatizaci\u00f3n GOA 4, por lo que las unidades no contar\u00e1n con conductor y ser\u00e1n operadas de manera autom\u00e1tica. La operaci\u00f3n tambi\u00e9n incorporar\u00e1 puertas de seguridad en las estaciones. Estas permanecer\u00e1n cerradas y \u00fanicamente se abrir\u00e1n cuando el tren llegue al punto de abordaje. Despu\u00e9s se cerrar\u00e1n una vez que la unidad abandone la estaci\u00f3n.<\/p>\n\n\n\n<p class=\"wp-block-paragraph\">Fuente: INFOBAE<\/p>\n","protected":false},"excerpt":{"rendered":"<p>La primera fecha concreta para el estreno de la L\u00ednea 1 del metro de Bogot\u00e1&#8230;<\/p>\n","protected":false},"author":6,"featured_media":46792,"comment_status":"closed","ping_status":"closed","sticky":false,"template":"","format":"standard","meta":{"_acf_changed":false,"footnotes":""},"categories":[412,287],"tags":[],"class_list":["post-49667","post","type-post","status-publish","format-standard","has-post-thumbnail","hentry","category-destacado","category-noticias"],"acf":[],"comment_count":0,"featured_image_url":"https:\/\/ambientestereo.fm\/sitio\/wp-content\/uploads\/2026\/03\/alcalde-carlos-fernando-galan.jpg","thumbnail":"https:\/\/ambientestereo.fm\/sitio\/wp-content\/uploads\/2026\/03\/alcalde-carlos-fernando-galan-150x150.jpg","_links":{"self":[{"href":"https:\/\/ambientestereo.fm\/sitio\/wp-json\/wp\/v2\/posts\/49667","targetHints":{"allow":["GET"]}}],"collection":[{"href":"https:\/\/ambientestereo.fm\/sitio\/wp-json\/wp\/v2\/posts"}],"about":[{"href":"https:\/\/ambientestereo.fm\/sitio\/wp-json\/wp\/v2\/types\/post"}],"author":[{"embeddable":true,"href":"https:\/\/ambientestereo.fm\/sitio\/wp-json\/wp\/v2\/users\/6"}],"replies":[{"embeddable":true,"href":"https:\/\/ambientestereo.fm\/sitio\/wp-json\/wp\/v2\/comments?post=49667"}],"version-history":[{"count":1,"href":"https:\/\/ambientestereo.fm\/sitio\/wp-json\/wp\/v2\/posts\/49667\/revisions"}],"predecessor-version":[{"id":49668,"href":"https:\/\/ambientestereo.fm\/sitio\/wp-json\/wp\/v2\/posts\/49667\/revisions\/49668"}],"wp:featuredmedia":[{"embeddable":true,"href":"https:\/\/ambientestereo.fm\/sitio\/wp-json\/wp\/v2\/media\/46792"}],"wp:attachment":[{"href":"https:\/\/ambientestereo.fm\/sitio\/wp-json\/wp\/v2\/media?parent=49667"}],"wp:term":[{"taxonomy":"category","embeddable":true,"href":"https:\/\/ambientestereo.fm\/sitio\/wp-json\/wp\/v2\/categories?post=49667"},{"taxonomy":"post_tag","embeddable":true,"href":"https:\/\/ambientestereo.fm\/sitio\/wp-json\/wp\/v2\/tags?post=49667"}],"curies":[{"name":"wp","href":"https:\/\/api.w.org\/{rel}","templated":true}]}}