{"id":49675,"date":"2026-09-01T21:09:31","date_gmt":"2026-09-02T02:09:31","guid":{"rendered":"https:\/\/ambientestereo.fm\/sitio\/?p=49675"},"modified":"2026-09-01T21:09:34","modified_gmt":"2026-09-02T02:09:34","slug":"peru-rompio-relaciones-diplomaticas-con-iran","status":"publish","type":"post","link":"https:\/\/ambientestereo.fm\/sitio\/noticias\/peru-rompio-relaciones-diplomaticas-con-iran\/","title":{"rendered":"Per\u00fa rompi\u00f3 relaciones diplom\u00e1ticas con Ir\u00e1n"},"content":{"rendered":"\n<p class=\"wp-block-paragraph\">El Gobierno del Per\u00fa decidi\u00f3 romper relaciones diplom\u00e1ticas con la Rep\u00fablica Isl\u00e1mica de Ir\u00e1n, seg\u00fan inform\u00f3 el Ministerio de Relaciones Exteriores mediante el Comunicado Oficial 014-26, difundido este 1 de setiembre. La medida se sustenta en las normas de la Convenci\u00f3n de Viena sobre Relaciones Diplom\u00e1ticas de 1961 y fue notificada a Teher\u00e1n a trav\u00e9s de una nota diplom\u00e1tica.<\/p>\n\n\n\n<p class=\"wp-block-paragraph\">La decisi\u00f3n llega tras reiteradas manifestaciones de preocupaci\u00f3n del Per\u00fa por la inestabilidad que atraviesa el Medio Oriente, una regi\u00f3n cuya situaci\u00f3n, seg\u00fan el propio comunicado, compromete la paz y la seguridad internacionales. El texto oficial recuerda que Lima hab\u00eda expresado en distintas ocasiones su condena ante el deterioro de la estabilidad regional.<\/p>\n\n\n\n<p class=\"wp-block-paragraph\">Entre los principales argumentos esgrimidos figura el retroceso democr\u00e1tico que, de acuerdo con distintos mecanismos de las Naciones Unidas, atraviesa Ir\u00e1n. El comunicado detalla la represi\u00f3n de manifestaciones pac\u00edficas, restricciones a la libertad de prensa, discriminaci\u00f3n contra mujeres y ni\u00f1as, y persecuci\u00f3n de opositores pol\u00edticos como elementos que motivaron el reclamo constante de la diplomacia peruana.<\/p>\n\n\n\n<p class=\"wp-block-paragraph\">A esto se suma la disrupci\u00f3n del comercio internacional a trav\u00e9s del estrecho de Ormuz desde marzo de 2026, que el Gobierno peruano considera contraria a la libertad de navegaci\u00f3n y al derecho de paso por los estrechos empleados para el tr\u00e1nsito mar\u00edtimo internacional. La canciller\u00eda subray\u00f3 que estas restricciones repercuten en los precios de la energ\u00eda y en la estabilidad de las cadenas globales de suministro.<\/p>\n\n\n\n<p class=\"wp-block-paragraph\">El comunicado tambi\u00e9n se\u00f1ala el rechazo del Per\u00fa a que Ir\u00e1n incite a la violencia y a la escalada de los conflictos en el Medio Oriente. La canciller\u00eda peruana calific\u00f3 de en\u00e9rgico su repudio a esta conducta, que consider\u00f3 incompatible con el respeto al derecho internacional que rige su pol\u00edtica exterior.<\/p>\n\n\n\n<p class=\"wp-block-paragraph\">Un punto central del reclamo apunta a la obstrucci\u00f3n de Teher\u00e1n a la labor del Organismo Internacional de Energ\u00eda At\u00f3mica (OIEA), cuyos inspectores habr\u00edan visto negado en reiteradas ocasiones el acceso a instalaciones nucleares iran\u00edes. Para el Gobierno peruano, esta negativa dificulta la verificaci\u00f3n necesaria para descartar la producci\u00f3n de armas nucleares, un riesgo que se suma al resto de las tensiones regionales descritas en el comunicado.<\/p>\n\n\n\n<p class=\"wp-block-paragraph\">Fuente: INFOBAE<\/p>\n","protected":false},"excerpt":{"rendered":"<p>El Gobierno del Per\u00fa decidi\u00f3 romper relaciones diplom\u00e1ticas con la Rep\u00fablica Isl\u00e1mica de Ir\u00e1n, seg\u00fan&#8230;<\/p>\n","protected":false},"author":6,"featured_media":49676,"comment_status":"closed","ping_status":"closed","sticky":false,"template":"","format":"standard","meta":{"_acf_changed":false,"footnotes":""},"categories":[287,413],"tags":[],"class_list":["post-49675","post","type-post","status-publish","format-standard","has-post-thumbnail","hentry","category-noticias","category-tendencia"],"acf":[],"comment_count":0,"featured_image_url":"https:\/\/ambientestereo.fm\/sitio\/wp-content\/uploads\/2026\/09\/Peru_Iran.jpg","thumbnail":"https:\/\/ambientestereo.fm\/sitio\/wp-content\/uploads\/2026\/09\/Peru_Iran-150x150.jpg","_links":{"self":[{"href":"https:\/\/ambientestereo.fm\/sitio\/wp-json\/wp\/v2\/posts\/49675","targetHints":{"allow":["GET"]}}],"collection":[{"href":"https:\/\/ambientestereo.fm\/sitio\/wp-json\/wp\/v2\/posts"}],"about":[{"href":"https:\/\/ambientestereo.fm\/sitio\/wp-json\/wp\/v2\/types\/post"}],"author":[{"embeddable":true,"href":"https:\/\/ambientestereo.fm\/sitio\/wp-json\/wp\/v2\/users\/6"}],"replies":[{"embeddable":true,"href":"https:\/\/ambientestereo.fm\/sitio\/wp-json\/wp\/v2\/comments?post=49675"}],"version-history":[{"count":1,"href":"https:\/\/ambientestereo.fm\/sitio\/wp-json\/wp\/v2\/posts\/49675\/revisions"}],"predecessor-version":[{"id":49677,"href":"https:\/\/ambientestereo.fm\/sitio\/wp-json\/wp\/v2\/posts\/49675\/revisions\/49677"}],"wp:featuredmedia":[{"embeddable":true,"href":"https:\/\/ambientestereo.fm\/sitio\/wp-json\/wp\/v2\/media\/49676"}],"wp:attachment":[{"href":"https:\/\/ambientestereo.fm\/sitio\/wp-json\/wp\/v2\/media?parent=49675"}],"wp:term":[{"taxonomy":"category","embeddable":true,"href":"https:\/\/ambientestereo.fm\/sitio\/wp-json\/wp\/v2\/categories?post=49675"},{"taxonomy":"post_tag","embeddable":true,"href":"https:\/\/ambientestereo.fm\/sitio\/wp-json\/wp\/v2\/tags?post=49675"}],"curies":[{"name":"wp","href":"https:\/\/api.w.org\/{rel}","templated":true}]}}