{"id":49679,"date":"2026-09-03T00:14:00","date_gmt":"2026-09-03T05:14:00","guid":{"rendered":"https:\/\/ambientestereo.fm\/sitio\/?p=49679"},"modified":"2026-09-02T20:23:07","modified_gmt":"2026-09-03T01:23:07","slug":"viviane-morales-renuncio-al-ministerio-de-educacion","status":"publish","type":"post","link":"https:\/\/ambientestereo.fm\/sitio\/noticias\/viviane-morales-renuncio-al-ministerio-de-educacion\/","title":{"rendered":"Viviane Morales renunci\u00f3 al Ministerio de Educaci\u00f3n\u00a0"},"content":{"rendered":"\n<p class=\"wp-block-paragraph\">La ministra de Educaci\u00f3n Nacional, Viviane Morales Hoyos, present\u00f3 su renuncia irrevocable al cargo, argumentando \u00abuna situaci\u00f3n familiar inesperada\u00bb. En su reemplazo, el presidente Abelardo De La Espriella anunci\u00f3 la designaci\u00f3n de la jurista Ilva Myriam Hoyos.<\/p>\n\n\n\n<p class=\"wp-block-paragraph\">La dimisi\u00f3n se oficializ\u00f3 a trav\u00e9s de una carta fechada el 31 de agosto de 2026, en la que Morales explica que una contingencia en su hogar le impidi\u00f3 continuar con la dedicaci\u00f3n que demanda la cartera.<\/p>\n\n\n\n<p class=\"wp-block-paragraph\">\u00abComo tuve ocasi\u00f3n de comentarle personalmente en d\u00edas pasados, una situaci\u00f3n familiar inesperada reclama mi presencia y toda mi atenci\u00f3n de manera inmediata. Esa circunstancia hace imposible cumplir con la dedicaci\u00f3n que exige la responsabilidad confiada y me obliga a presentar renuncia irrevocable\u00bb, escribi\u00f3 la funcionaria saliente, precisando que estar\u00e1 al frente del Ministerio hasta el pr\u00f3ximo 7 de septiembre.<\/p>\n\n\n\n<p class=\"wp-block-paragraph\">En el documento, Morales apel\u00f3 a pasajes b\u00edblicos \u2014\u00bbEl hombre hace planes, pero la palabra final la tiene el Se\u00f1or\u00bb\u2014 y agradeci\u00f3 al mandatario la oportunidad de haber participado en el inicio del Ejecutivo.<\/p>\n\n\n\n<p class=\"wp-block-paragraph\">A trav\u00e9s de una misiva de respuesta con fecha del 2 de septiembre de 2026, el presidente Abelardo De La Espriella acept\u00f3 formalmente la renuncia, destacando los lazos de amistad de larga data que lo unen a la exministra y respaldando su prioridad familiar.<\/p>\n\n\n\n<p class=\"wp-block-paragraph\">De La Espriella confirm\u00f3 el nombramiento de la nueva ministra de Educaci\u00f3n. Se trata de Ilva Myriam Hoyos, abogada con amplia trayectoria en el derecho constitucional y recordada por su paso como procuradora delegada para la Infancia, la Adolescencia y la Familia.<\/p>\n\n\n\n<p class=\"wp-block-paragraph\">Hoyos tambi\u00e9n fue Jefe de la Oficina Jur\u00eddica de Inravisi\u00f3n, Asistente de la Viceprocuradur\u00eda General de la Naci\u00f3n, Directora del Instituto de Humanidades y Decana de la Facultad de Derecho de la Universidad de la Sabana.<\/p>\n\n\n\n<p class=\"wp-block-paragraph\">\u00abHoy estoy designando a la doctora Ilva Myriam Hoyos como Ministra de Educaci\u00f3n Nacional. Su talante, fortaleza, honradez y firme defensa de los valores la preceden. Estoy seguro de que ser\u00e1 una gran ministra y de que servir\u00e1 a Colombia con entrega, car\u00e1cter y convicci\u00f3n\u00bb, anunci\u00f3 De La Espriella en un mensaje en X.<\/p>\n\n\n\n<p class=\"wp-block-paragraph\">Fuente: EL TIEMPO<\/p>\n","protected":false},"excerpt":{"rendered":"<p>La ministra de Educaci\u00f3n Nacional, Viviane Morales Hoyos, present\u00f3 su renuncia irrevocable al cargo, argumentando&#8230;<\/p>\n","protected":false},"author":6,"featured_media":42809,"comment_status":"closed","ping_status":"closed","sticky":false,"template":"","format":"standard","meta":{"_acf_changed":false,"footnotes":""},"categories":[412,287],"tags":[],"class_list":["post-49679","post","type-post","status-publish","format-standard","has-post-thumbnail","hentry","category-destacado","category-noticias"],"acf":[],"comment_count":0,"featured_image_url":"https:\/\/ambientestereo.fm\/sitio\/wp-content\/uploads\/2025\/08\/Viviane-Morales.jpg","thumbnail":"https:\/\/ambientestereo.fm\/sitio\/wp-content\/uploads\/2025\/08\/Viviane-Morales-150x150.jpg","_links":{"self":[{"href":"https:\/\/ambientestereo.fm\/sitio\/wp-json\/wp\/v2\/posts\/49679","targetHints":{"allow":["GET"]}}],"collection":[{"href":"https:\/\/ambientestereo.fm\/sitio\/wp-json\/wp\/v2\/posts"}],"about":[{"href":"https:\/\/ambientestereo.fm\/sitio\/wp-json\/wp\/v2\/types\/post"}],"author":[{"embeddable":true,"href":"https:\/\/ambientestereo.fm\/sitio\/wp-json\/wp\/v2\/users\/6"}],"replies":[{"embeddable":true,"href":"https:\/\/ambientestereo.fm\/sitio\/wp-json\/wp\/v2\/comments?post=49679"}],"version-history":[{"count":1,"href":"https:\/\/ambientestereo.fm\/sitio\/wp-json\/wp\/v2\/posts\/49679\/revisions"}],"predecessor-version":[{"id":49680,"href":"https:\/\/ambientestereo.fm\/sitio\/wp-json\/wp\/v2\/posts\/49679\/revisions\/49680"}],"wp:featuredmedia":[{"embeddable":true,"href":"https:\/\/ambientestereo.fm\/sitio\/wp-json\/wp\/v2\/media\/42809"}],"wp:attachment":[{"href":"https:\/\/ambientestereo.fm\/sitio\/wp-json\/wp\/v2\/media?parent=49679"}],"wp:term":[{"taxonomy":"category","embeddable":true,"href":"https:\/\/ambientestereo.fm\/sitio\/wp-json\/wp\/v2\/categories?post=49679"},{"taxonomy":"post_tag","embeddable":true,"href":"https:\/\/ambientestereo.fm\/sitio\/wp-json\/wp\/v2\/tags?post=49679"}],"curies":[{"name":"wp","href":"https:\/\/api.w.org\/{rel}","templated":true}]}}