{"id":49681,"date":"2026-09-03T00:25:00","date_gmt":"2026-09-03T05:25:00","guid":{"rendered":"https:\/\/ambientestereo.fm\/sitio\/?p=49681"},"modified":"2026-09-02T20:29:35","modified_gmt":"2026-09-03T01:29:35","slug":"la-u-se-declaro-partido-de-gobierno","status":"publish","type":"post","link":"https:\/\/ambientestereo.fm\/sitio\/noticias\/la-u-se-declaro-partido-de-gobierno\/","title":{"rendered":"La U se declar\u00f3 partido de gobierno"},"content":{"rendered":"\n<p class=\"wp-block-paragraph\">El Partido de La U decidi\u00f3 declararse partido de gobierno para el periodo presidencial 2026-2030, luego de una reuni\u00f3n conjunta de sus bancadas en el Senado y la C\u00e1mara de Representantes.<\/p>\n\n\n\n<p class=\"wp-block-paragraph\">La determinaci\u00f3n qued\u00f3 consignada en un comunicado divulgado por la colectividad, en el que se\u00f1al\u00f3 que la decisi\u00f3n responde a su intenci\u00f3n de contribuir a la gobernabilidad y al fortalecimiento institucional durante el nuevo periodo presidencial.<\/p>\n\n\n\n<p class=\"wp-block-paragraph\">\u201cEl Partido de La U informa que, en reuni\u00f3n conjunta de sus bancadas de Senado y C\u00e1mara de Representantes, decidi\u00f3 declararse partido de gobierno para el periodo presidencial 2026\u20132030\u201d, se\u00f1al\u00f3 la colectividad.<\/p>\n\n\n\n<p class=\"wp-block-paragraph\">Seg\u00fan el Partido de La U, la decisi\u00f3n tambi\u00e9n muestra su compromiso con la gobernabilidad, la estabilidad institucional y el trabajo conjunto para impulsar las transformaciones que, a su juicio, requiere el pa\u00eds.<\/p>\n\n\n\n<p class=\"wp-block-paragraph\">La colectividad asegur\u00f3 que asumir\u00e1 esta posici\u00f3n con responsabilidad y que su respaldo estar\u00e1 dirigido a las iniciativas que considere que contribuyan al desarrollo de Colombia y al bienestar de los ciudadanos.<\/p>\n\n\n\n<p class=\"wp-block-paragraph\">Se\u00f1al\u00f3 que acompa\u00f1ar\u00e1 propuestas relacionadas con el crecimiento econ\u00f3mico, la recuperaci\u00f3n de la seguridad y la reconstrucci\u00f3n del sistema de salud, adem\u00e1s de otras pol\u00edticas p\u00fablicas orientadas al fortalecimiento de las instituciones.<\/p>\n\n\n\n<p class=\"wp-block-paragraph\">\u201cEl Partido de La U ejercer\u00e1 esta decisi\u00f3n con responsabilidad, respaldando las iniciativas que contribuyan al desarrollo de Colombia, al crecimiento econ\u00f3mico, la recuperaci\u00f3n de la seguridad, la reconstrucci\u00f3n del sistema de salud y, en general, todas aquellas pol\u00edticas que promuevan el bienestar de los colombianos y el fortalecimiento de las instituciones\u201d, indica el comunicado.<\/p>\n\n\n\n<p class=\"wp-block-paragraph\">Con esta declaraci\u00f3n, la colectividad defini\u00f3 su posici\u00f3n pol\u00edtica frente al gobierno que comenz\u00f3 el pasado 7 de agosto y estableci\u00f3 que su participaci\u00f3n en el Congreso estar\u00e1 orientada al respaldo de las iniciativas que coincidan con los objetivos planteados.<\/p>\n\n\n\n<p class=\"wp-block-paragraph\">Fuente: La FM<\/p>\n","protected":false},"excerpt":{"rendered":"<p>El Partido de La U decidi\u00f3 declararse partido de gobierno para el periodo presidencial 2026-2030,&#8230;<\/p>\n","protected":false},"author":6,"featured_media":47882,"comment_status":"closed","ping_status":"closed","sticky":false,"template":"","format":"standard","meta":{"_acf_changed":false,"footnotes":""},"categories":[294,287],"tags":[],"class_list":["post-49681","post","type-post","status-publish","format-standard","has-post-thumbnail","hentry","category-actualidad","category-noticias"],"acf":[],"comment_count":0,"featured_image_url":"https:\/\/ambientestereo.fm\/sitio\/wp-content\/uploads\/2026\/05\/camara_de_representantes-3-1.jpg","thumbnail":"https:\/\/ambientestereo.fm\/sitio\/wp-content\/uploads\/2026\/05\/camara_de_representantes-3-1-150x150.jpg","_links":{"self":[{"href":"https:\/\/ambientestereo.fm\/sitio\/wp-json\/wp\/v2\/posts\/49681","targetHints":{"allow":["GET"]}}],"collection":[{"href":"https:\/\/ambientestereo.fm\/sitio\/wp-json\/wp\/v2\/posts"}],"about":[{"href":"https:\/\/ambientestereo.fm\/sitio\/wp-json\/wp\/v2\/types\/post"}],"author":[{"embeddable":true,"href":"https:\/\/ambientestereo.fm\/sitio\/wp-json\/wp\/v2\/users\/6"}],"replies":[{"embeddable":true,"href":"https:\/\/ambientestereo.fm\/sitio\/wp-json\/wp\/v2\/comments?post=49681"}],"version-history":[{"count":1,"href":"https:\/\/ambientestereo.fm\/sitio\/wp-json\/wp\/v2\/posts\/49681\/revisions"}],"predecessor-version":[{"id":49682,"href":"https:\/\/ambientestereo.fm\/sitio\/wp-json\/wp\/v2\/posts\/49681\/revisions\/49682"}],"wp:featuredmedia":[{"embeddable":true,"href":"https:\/\/ambientestereo.fm\/sitio\/wp-json\/wp\/v2\/media\/47882"}],"wp:attachment":[{"href":"https:\/\/ambientestereo.fm\/sitio\/wp-json\/wp\/v2\/media?parent=49681"}],"wp:term":[{"taxonomy":"category","embeddable":true,"href":"https:\/\/ambientestereo.fm\/sitio\/wp-json\/wp\/v2\/categories?post=49681"},{"taxonomy":"post_tag","embeddable":true,"href":"https:\/\/ambientestereo.fm\/sitio\/wp-json\/wp\/v2\/tags?post=49681"}],"curies":[{"name":"wp","href":"https:\/\/api.w.org\/{rel}","templated":true}]}}