{"id":49683,"date":"2026-09-03T00:29:00","date_gmt":"2026-09-03T05:29:00","guid":{"rendered":"https:\/\/ambientestereo.fm\/sitio\/?p=49683"},"modified":"2026-09-02T20:37:35","modified_gmt":"2026-09-03T01:37:35","slug":"fallo-que-reconoce-limites-a-las-protestas","status":"publish","type":"post","link":"https:\/\/ambientestereo.fm\/sitio\/noticias\/fallo-que-reconoce-limites-a-las-protestas\/","title":{"rendered":"Fallo que reconoce l\u00edmites a las protestas"},"content":{"rendered":"\n<p class=\"wp-block-paragraph\">El Consejo de Estado estableci\u00f3 que el derecho a la protesta pierde su protecci\u00f3n constitucional cuando deja de ser pac\u00edfico e implica da\u00f1os comprobables a terceros, en medio de un proceso judicial en contra de la Corporaci\u00f3n Juntas de Acci\u00f3n Comunal San Isidro de Chichimene y a su entonces representante legal, Sandra Patricia Ruiz Ria\u00f1o, que result\u00f3 en una condena solidaria que determin\u00f3 reparar los perjuicios ocasionados a Ecopetrol durante bloqueos \u201cy sabotajes\u201d en la ciudad de Acac\u00edas, Meta.<\/p>\n\n\n\n<p class=\"wp-block-paragraph\">La Sala declar\u00f3 a ambos responsables solidarios por las p\u00e9rdidas derivadas de las protestas realizadas en la estaci\u00f3n Chichimene, en Acac\u00edas, Meta, entre el 31 de julio y el 15 de agosto de 2017.<\/p>\n\n\n\n<p class=\"wp-block-paragraph\">La decisi\u00f3n del Consejo de Estado tom\u00f3 lo ordenado en el art\u00edculo 37 de la Constituci\u00f3n colombiana, que reconoce el derecho de toda persona a reunirse y manifestarse p\u00fablica y pac\u00edficamente.<\/p>\n\n\n\n<p class=\"wp-block-paragraph\">No obstante, para la alta corte, esa garant\u00eda no cobija actuaciones que persigan fines il\u00edcitos, incluyan violencia o impidan en forma ileg\u00edtima el ejercicio de derechos de otras personas y empresas.<\/p>\n\n\n\n<p class=\"wp-block-paragraph\">\u201cDebe decirse que, aunque es cierto que el mismo art\u00edculo 37 superior es claro en expresar que el ejercicio del derecho a la protesta solamente puede ser limitado de manera expresa por la ley, no lo es menos que este debe expresarse de manera pac\u00edfica ya que de lo contrario pierde su protecci\u00f3n constitucional\u201d, dice uno de los apartados del fallo.<\/p>\n\n\n\n<p class=\"wp-block-paragraph\">El Consejo de Estado se\u00f1al\u00f3 que las manifestaciones tienen amparo constitucional siempre que se desarrollen en forma pac\u00edfica. Esa protecci\u00f3n no se extiende a conductas que ocasionen da\u00f1os materiales, interfieran con instalaciones industriales o paralicen actividades productivas mediante v\u00edas de hecho.<\/p>\n\n\n\n<p class=\"wp-block-paragraph\">Seg\u00fan la sentencia C-000 de del 7 de marzo de 2019, \u201cen resumen, la reuni\u00f3n y la manifestaci\u00f3n p\u00fablicas y pac\u00edficas son derechos fundamentales que incluyen la protesta y est\u00e1n cobijados por las prerrogativas del derecho a la libertad de expresi\u00f3n.<br>As\u00ed mismo excluyen de su contorno material las manifestaciones violentas y los objetivos il\u00edcitos. Entonces, estos derechos tienen una naturaleza disruptiva y un componente est\u00e1tico (Reuni\u00f3n\/publica) y otro din\u00e1mico (manifestaci\u00f3n p\u00fablica). En este sentido, el ejercicio de estos derechos es determinante para la sociedad en la preservaci\u00f3n de la democracia participativa y el pluralismo. Adicionalmente, sus limitaciones deben ser establecidas por la ley y, para que sean admisibles, deben cumplir con el principio de legalidad y, por lo tanto, ser previsibles\u201d.<\/p>\n\n\n\n<p class=\"wp-block-paragraph\">Fuente: INFOBAE<\/p>\n","protected":false},"excerpt":{"rendered":"<p>El Consejo de Estado estableci\u00f3 que el derecho a la protesta pierde su protecci\u00f3n constitucional&#8230;<\/p>\n","protected":false},"author":6,"featured_media":41575,"comment_status":"closed","ping_status":"closed","sticky":false,"template":"","format":"standard","meta":{"_acf_changed":false,"footnotes":""},"categories":[294,287],"tags":[],"class_list":["post-49683","post","type-post","status-publish","format-standard","has-post-thumbnail","hentry","category-actualidad","category-noticias"],"acf":[],"comment_count":0,"featured_image_url":"https:\/\/ambientestereo.fm\/sitio\/wp-content\/uploads\/2025\/06\/Consejo-de-Estado.jpg","thumbnail":"https:\/\/ambientestereo.fm\/sitio\/wp-content\/uploads\/2025\/06\/Consejo-de-Estado-150x150.jpg","_links":{"self":[{"href":"https:\/\/ambientestereo.fm\/sitio\/wp-json\/wp\/v2\/posts\/49683","targetHints":{"allow":["GET"]}}],"collection":[{"href":"https:\/\/ambientestereo.fm\/sitio\/wp-json\/wp\/v2\/posts"}],"about":[{"href":"https:\/\/ambientestereo.fm\/sitio\/wp-json\/wp\/v2\/types\/post"}],"author":[{"embeddable":true,"href":"https:\/\/ambientestereo.fm\/sitio\/wp-json\/wp\/v2\/users\/6"}],"replies":[{"embeddable":true,"href":"https:\/\/ambientestereo.fm\/sitio\/wp-json\/wp\/v2\/comments?post=49683"}],"version-history":[{"count":1,"href":"https:\/\/ambientestereo.fm\/sitio\/wp-json\/wp\/v2\/posts\/49683\/revisions"}],"predecessor-version":[{"id":49684,"href":"https:\/\/ambientestereo.fm\/sitio\/wp-json\/wp\/v2\/posts\/49683\/revisions\/49684"}],"wp:featuredmedia":[{"embeddable":true,"href":"https:\/\/ambientestereo.fm\/sitio\/wp-json\/wp\/v2\/media\/41575"}],"wp:attachment":[{"href":"https:\/\/ambientestereo.fm\/sitio\/wp-json\/wp\/v2\/media?parent=49683"}],"wp:term":[{"taxonomy":"category","embeddable":true,"href":"https:\/\/ambientestereo.fm\/sitio\/wp-json\/wp\/v2\/categories?post=49683"},{"taxonomy":"post_tag","embeddable":true,"href":"https:\/\/ambientestereo.fm\/sitio\/wp-json\/wp\/v2\/tags?post=49683"}],"curies":[{"name":"wp","href":"https:\/\/api.w.org\/{rel}","templated":true}]}}