{"id":49688,"date":"2026-09-04T00:10:00","date_gmt":"2026-09-04T05:10:00","guid":{"rendered":"https:\/\/ambientestereo.fm\/sitio\/?p=49688"},"modified":"2026-09-03T20:20:10","modified_gmt":"2026-09-04T01:20:10","slug":"marco-rubio-se-reunira-con-el-presidente-de-la-espriella","status":"publish","type":"post","link":"https:\/\/ambientestereo.fm\/sitio\/noticias\/marco-rubio-se-reunira-con-el-presidente-de-la-espriella\/","title":{"rendered":"Marco Rubio se reunir\u00e1 con el presidente De La Espriella"},"content":{"rendered":"\n<p class=\"wp-block-paragraph\">Fuentes del Gobierno Nacional confirmaron que el secretario de Estado de Estados Unidos, Marco Rubio, visitar\u00e1 Colombia la pr\u00f3xima semana.<\/p>\n\n\n\n<p class=\"wp-block-paragraph\">El alto funcionario de la administraci\u00f3n de Donald Trump se reunir\u00e1 el pr\u00f3ximo martes 8 de septiembre con el presidente Abelardo de la Espriella en Barranquilla.<\/p>\n\n\n\n<p class=\"wp-block-paragraph\">La visita se produce en medio de un proceso de acercamiento entre Bogot\u00e1 y Washington, despu\u00e9s de un periodo marcado por diferencias entre el gobierno de Gustavo Petro y la administraci\u00f3n de Donald Trump.<\/p>\n\n\n\n<p class=\"wp-block-paragraph\">La llegada de De la Espriella al poder abri\u00f3 una nueva etapa en la relaci\u00f3n bilateral, particularmente en asuntos de seguridad, lucha contra el narcotr\u00e1fico y cooperaci\u00f3n militar.<\/p>\n\n\n\n<p class=\"wp-block-paragraph\">Uno de los principales elementos de esta nueva relaci\u00f3n es la decisi\u00f3n de Colombia de incorporarse al denominado \u2018Escudo de las Am\u00e9ricas\u2019, una iniciativa impulsada por Trump para fortalecer la cooperaci\u00f3n regional contra el narcotr\u00e1fico y las organizaciones criminales.<\/p>\n\n\n\n<p class=\"wp-block-paragraph\">La reuni\u00f3n tambi\u00e9n se dar\u00e1 despu\u00e9s de los primeros movimientos para fortalecer la cooperaci\u00f3n militar entre los dos pa\u00edses. En las \u00faltimas semanas hubo luz verde para avanzar en acciones conjuntas contra estructuras dedicadas al narcotr\u00e1fico.<\/p>\n\n\n\n<p class=\"wp-block-paragraph\">El jefe del Comando Sur de Estados Unidos, general Francis L. Donovan, visit\u00f3 recientemente Colombia y abord\u00f3 con autoridades nacionales asuntos relacionados con inteligencia, vigilancia mar\u00edtima y fortalecimiento de las capacidades militares.<\/p>\n\n\n\n<p class=\"wp-block-paragraph\">Fuente: La FM<\/p>\n\n\n\n<p class=\"wp-block-paragraph\"><\/p>\n","protected":false},"excerpt":{"rendered":"<p>Fuentes del Gobierno Nacional confirmaron que el secretario de Estado de Estados Unidos, Marco Rubio,&#8230;<\/p>\n","protected":false},"author":6,"featured_media":38330,"comment_status":"closed","ping_status":"closed","sticky":false,"template":"","format":"standard","meta":{"_acf_changed":false,"footnotes":""},"categories":[412,287],"tags":[],"class_list":["post-49688","post","type-post","status-publish","format-standard","has-post-thumbnail","hentry","category-destacado","category-noticias"],"acf":[],"comment_count":0,"featured_image_url":"https:\/\/ambientestereo.fm\/sitio\/wp-content\/uploads\/2025\/01\/Marco_Rubio-1.jpg","thumbnail":"https:\/\/ambientestereo.fm\/sitio\/wp-content\/uploads\/2025\/01\/Marco_Rubio-1-150x150.jpg","_links":{"self":[{"href":"https:\/\/ambientestereo.fm\/sitio\/wp-json\/wp\/v2\/posts\/49688","targetHints":{"allow":["GET"]}}],"collection":[{"href":"https:\/\/ambientestereo.fm\/sitio\/wp-json\/wp\/v2\/posts"}],"about":[{"href":"https:\/\/ambientestereo.fm\/sitio\/wp-json\/wp\/v2\/types\/post"}],"author":[{"embeddable":true,"href":"https:\/\/ambientestereo.fm\/sitio\/wp-json\/wp\/v2\/users\/6"}],"replies":[{"embeddable":true,"href":"https:\/\/ambientestereo.fm\/sitio\/wp-json\/wp\/v2\/comments?post=49688"}],"version-history":[{"count":2,"href":"https:\/\/ambientestereo.fm\/sitio\/wp-json\/wp\/v2\/posts\/49688\/revisions"}],"predecessor-version":[{"id":49691,"href":"https:\/\/ambientestereo.fm\/sitio\/wp-json\/wp\/v2\/posts\/49688\/revisions\/49691"}],"wp:featuredmedia":[{"embeddable":true,"href":"https:\/\/ambientestereo.fm\/sitio\/wp-json\/wp\/v2\/media\/38330"}],"wp:attachment":[{"href":"https:\/\/ambientestereo.fm\/sitio\/wp-json\/wp\/v2\/media?parent=49688"}],"wp:term":[{"taxonomy":"category","embeddable":true,"href":"https:\/\/ambientestereo.fm\/sitio\/wp-json\/wp\/v2\/categories?post=49688"},{"taxonomy":"post_tag","embeddable":true,"href":"https:\/\/ambientestereo.fm\/sitio\/wp-json\/wp\/v2\/tags?post=49688"}],"curies":[{"name":"wp","href":"https:\/\/api.w.org\/{rel}","templated":true}]}}