{"id":49693,"date":"2026-09-04T00:23:00","date_gmt":"2026-09-04T05:23:00","guid":{"rendered":"https:\/\/ambientestereo.fm\/sitio\/?p=49693"},"modified":"2026-09-03T20:26:58","modified_gmt":"2026-09-04T01:26:58","slug":"gobierno-reglamenta-canales-de-comunicacion-institucional","status":"publish","type":"post","link":"https:\/\/ambientestereo.fm\/sitio\/noticias\/gobierno-reglamenta-canales-de-comunicacion-institucional\/","title":{"rendered":"Gobierno reglamenta canales de comunicaci\u00f3n institucional"},"content":{"rendered":"\n<p class=\"wp-block-paragraph\">El Gobierno del presidente Abelardo de la Espriella expidi\u00f3 la Directiva Presidencial, mediante la cual se fijan los lineamientos formales para la coordinaci\u00f3n, flujo y divulgaci\u00f3n de la informaci\u00f3n p\u00fablica procedente de las entidades del orden nacional.<\/p>\n\n\n\n<p class=\"wp-block-paragraph\">El documento directivo, emitido desde la Casa de Nari\u00f1o y dirigido a ministros, directores de departamentos administrativos, gerentes y representantes legales de la rama ejecutiva, establece que la informaci\u00f3n relacionada con programas, cifras, decisiones y actuaciones administrativas deber\u00e1 ser difundida prioritariamente mediante los canales institucionales oficiales de cada ministerio y entidad.<\/p>\n\n\n\n<p class=\"wp-block-paragraph\">De igual forma, la normativa dispone que las cuentas de redes sociales de car\u00e1cter personal de los servidores p\u00fablicos no actuar\u00e1n como fuente primaria ni canal oficial para el anuncio de medidas o pol\u00edticas gubernamentales. Con esta disposici\u00f3n se busca garantizar la trazabilidad, la permanencia y el acceso en condiciones de equidad tanto para la ciudadan\u00eda como para los medios de comunicaci\u00f3n.<\/p>\n\n\n\n<p class=\"wp-block-paragraph\">Dentro del apartado sobre el relacionamiento con la prensa, la directiva se\u00f1ala que los funcionarios p\u00fablicos podr\u00e1n otorgar entrevistas, participar en espacios period\u00edsticos o dar declaraciones p\u00fablicas siempre y cuando hayan consultado y coordinado previamente dichas intervenciones con la Secretar\u00eda para las Comunicaciones y Prensa de la Presidencia de la Rep\u00fablica.<\/p>\n\n\n\n<p class=\"wp-block-paragraph\">La medida toma como sustento legal el art\u00edculo 7 de la Ley 2345 de 2023, la cual reglamenta el uso de las cuentas autorizadas para el ejercicio de la vocer\u00eda institucional en las entidades estatales. En este sentido, la Presidencia reiter\u00f3 el respeto por el rol esencial del periodismo, argumentando que el ajuste organizativo pretende asegurar que la opini\u00f3n p\u00fablica reciba informaci\u00f3n verified, precisa y coherente sobre la gesti\u00f3n del Estado.<\/p>\n\n\n\n<p class=\"wp-block-paragraph\">Fuente: EL NUEVO SIGLO<\/p>\n","protected":false},"excerpt":{"rendered":"<p>El Gobierno del presidente Abelardo de la Espriella expidi\u00f3 la Directiva Presidencial, mediante la cual&#8230;<\/p>\n","protected":false},"author":6,"featured_media":48815,"comment_status":"closed","ping_status":"closed","sticky":false,"template":"","format":"standard","meta":{"_acf_changed":false,"footnotes":""},"categories":[294,287],"tags":[],"class_list":["post-49693","post","type-post","status-publish","format-standard","has-post-thumbnail","hentry","category-actualidad","category-noticias"],"acf":[],"comment_count":0,"featured_image_url":"https:\/\/ambientestereo.fm\/sitio\/wp-content\/uploads\/2026\/07\/Abelardo_De_La_Espriella.jpg","thumbnail":"https:\/\/ambientestereo.fm\/sitio\/wp-content\/uploads\/2026\/07\/Abelardo_De_La_Espriella-150x150.jpg","_links":{"self":[{"href":"https:\/\/ambientestereo.fm\/sitio\/wp-json\/wp\/v2\/posts\/49693","targetHints":{"allow":["GET"]}}],"collection":[{"href":"https:\/\/ambientestereo.fm\/sitio\/wp-json\/wp\/v2\/posts"}],"about":[{"href":"https:\/\/ambientestereo.fm\/sitio\/wp-json\/wp\/v2\/types\/post"}],"author":[{"embeddable":true,"href":"https:\/\/ambientestereo.fm\/sitio\/wp-json\/wp\/v2\/users\/6"}],"replies":[{"embeddable":true,"href":"https:\/\/ambientestereo.fm\/sitio\/wp-json\/wp\/v2\/comments?post=49693"}],"version-history":[{"count":1,"href":"https:\/\/ambientestereo.fm\/sitio\/wp-json\/wp\/v2\/posts\/49693\/revisions"}],"predecessor-version":[{"id":49694,"href":"https:\/\/ambientestereo.fm\/sitio\/wp-json\/wp\/v2\/posts\/49693\/revisions\/49694"}],"wp:featuredmedia":[{"embeddable":true,"href":"https:\/\/ambientestereo.fm\/sitio\/wp-json\/wp\/v2\/media\/48815"}],"wp:attachment":[{"href":"https:\/\/ambientestereo.fm\/sitio\/wp-json\/wp\/v2\/media?parent=49693"}],"wp:term":[{"taxonomy":"category","embeddable":true,"href":"https:\/\/ambientestereo.fm\/sitio\/wp-json\/wp\/v2\/categories?post=49693"},{"taxonomy":"post_tag","embeddable":true,"href":"https:\/\/ambientestereo.fm\/sitio\/wp-json\/wp\/v2\/tags?post=49693"}],"curies":[{"name":"wp","href":"https:\/\/api.w.org\/{rel}","templated":true}]}}