{"id":49695,"date":"2026-09-03T20:32:53","date_gmt":"2026-09-04T01:32:53","guid":{"rendered":"https:\/\/ambientestereo.fm\/sitio\/?p=49695"},"modified":"2026-09-03T20:32:57","modified_gmt":"2026-09-04T01:32:57","slug":"maduro-pidio-inmunidad-soberana-ante-justicia-de-ee-uu","status":"publish","type":"post","link":"https:\/\/ambientestereo.fm\/sitio\/noticias\/maduro-pidio-inmunidad-soberana-ante-justicia-de-ee-uu\/","title":{"rendered":"Maduro pidi\u00f3 inmunidad soberana ante Justicia de EE.UU."},"content":{"rendered":"\n<p class=\"wp-block-paragraph\">La defensa del depuesto dictador de Venezuela, Nicol\u00e1s Maduro, pidi\u00f3 a un juez federal de Estados Unidos desestimar el caso penal en su contra bajo el argumento de que goza de inmunidad soberana como jefe de Estado, seg\u00fan consta en el expediente judicial. El abogado Barry Pollack present\u00f3 dos mociones ante el tribunal: una para cerrar toda la acusaci\u00f3n y otra, de forma alternativa, para retirar \u00fanicamente el cargo de conspiraci\u00f3n para cometer actos de narcoterrorismo.<\/p>\n\n\n\n<p class=\"wp-block-paragraph\">Maduro enfrenta cargos por conspiraci\u00f3n para cometer actos de narcoterrorismo, importaci\u00f3n de coca\u00edna y posesi\u00f3n de armas autom\u00e1ticas. El dictador venezolano permanece detenido en una c\u00e1rcel federal de Brooklyn, Nueva York, desde su captura en Caracas el pasado 3 de enero por fuerzas estadounidenses. Se declar\u00f3 inocente y, si el proceso contin\u00faa, el juicio est\u00e1 previsto para el 1 de junio de 2027.<\/p>\n\n\n\n<p class=\"wp-block-paragraph\">En la primera moci\u00f3n, Pollack sostuvo que el juez federal Alvin Hellerstein carece de jurisdicci\u00f3n para procesar a Maduro porque el dirigente debe contar con inmunidad como jefe de Estado y porque las conductas que sustentan los cargos corresponden, seg\u00fan su defensa, a funciones oficiales.<\/p>\n\n\n\n<p class=\"wp-block-paragraph\">\u201cEl Tribunal carecer\u00eda de jurisdicci\u00f3n sobre el se\u00f1or Maduro si este tuviera derecho o bien a la inmunidad soberana basada en su condici\u00f3n de jefe de Estado o bien a la inmunidad soberana basada en la conducta (\u2026). Tiene derecho a ambas\u201d, sostuvo Pollack en el escrito.<\/p>\n\n\n\n<p class=\"wp-block-paragraph\">El abogado tambi\u00e9n afirm\u00f3 que el proceso constituye una violaci\u00f3n de una protecci\u00f3n reconocida durante siglos. \u201cEste procesamiento sin precedentes viola la inmunidad absoluta de jurisdicci\u00f3n penal a la que los jefes de Estado y los funcionarios extranjeros que act\u00faan en el ejercicio de sus funciones oficiales han tenido derecho durante cientos de a\u00f1os\u201d, escribi\u00f3.<\/p>\n\n\n\n<p class=\"wp-block-paragraph\">La defensa pidi\u00f3 adem\u00e1s que el caso sea desestimado \u201ccon perjuicio\u201d, una f\u00f3rmula que impedir\u00eda presentar nuevamente la misma acusaci\u00f3n.<\/p>\n\n\n\n<p class=\"wp-block-paragraph\">En una segunda moci\u00f3n, Pollack solicit\u00f3 retirar el cargo de narcoterrorismo. Seg\u00fan el abogado, ese cargo no solo carece de una base jurisdiccional suficiente, sino que tampoco cumple con los requisitos establecidos por la legislaci\u00f3n estadounidense.<\/p>\n\n\n\n<p class=\"wp-block-paragraph\">El escrito sostiene que el cargo \u201cpretende acusar a un ciudadano extranjero\u201d por una \u201cconducta exclusivamente extranjera sin alegar adecuadamente el elemento jurisdiccional\u201d. Tambi\u00e9n afirma que la acusaci\u00f3n no establece la \u201cintenci\u00f3n de causar perjuicio a Estados Unidos, sus ciudadanos o sus intereses\u201d y que la conducta atribuida a Maduro \u201cno est\u00e1 dentro de la autoridad del Congreso para regular\u201d.<\/p>\n\n\n\n<p class=\"wp-block-paragraph\">El argumento sobre la inmunidad soberana se presenta en un contexto particular, debido a que Washington dej\u00f3 de reconocer a Maduro como presidente leg\u00edtimo de Venezuela en 2019. Estados Unidos tambi\u00e9n cuestion\u00f3 la validez de las elecciones venezolanas de 2018 y 2024. Maduro, por su parte, sostiene que ambas votaciones fueron leg\u00edtimas y desde hace a\u00f1os acusa a Washington de buscar su salida del poder para obtener control sobre los recursos petroleros venezolanos.<\/p>\n\n\n\n<p class=\"wp-block-paragraph\">Fuente: INFOBAE<\/p>\n\n\n\n<p class=\"wp-block-paragraph\"><\/p>\n","protected":false},"excerpt":{"rendered":"<p>La defensa del depuesto dictador de Venezuela, Nicol\u00e1s Maduro, pidi\u00f3 a un juez federal de&#8230;<\/p>\n","protected":false},"author":6,"featured_media":47499,"comment_status":"closed","ping_status":"closed","sticky":false,"template":"","format":"standard","meta":{"_acf_changed":false,"footnotes":""},"categories":[287,413],"tags":[],"class_list":["post-49695","post","type-post","status-publish","format-standard","has-post-thumbnail","hentry","category-noticias","category-tendencia"],"acf":[],"comment_count":0,"featured_image_url":"https:\/\/ambientestereo.fm\/sitio\/wp-content\/uploads\/2026\/04\/Maduro-preso-.jpg","thumbnail":"https:\/\/ambientestereo.fm\/sitio\/wp-content\/uploads\/2026\/04\/Maduro-preso--150x150.jpg","_links":{"self":[{"href":"https:\/\/ambientestereo.fm\/sitio\/wp-json\/wp\/v2\/posts\/49695","targetHints":{"allow":["GET"]}}],"collection":[{"href":"https:\/\/ambientestereo.fm\/sitio\/wp-json\/wp\/v2\/posts"}],"about":[{"href":"https:\/\/ambientestereo.fm\/sitio\/wp-json\/wp\/v2\/types\/post"}],"author":[{"embeddable":true,"href":"https:\/\/ambientestereo.fm\/sitio\/wp-json\/wp\/v2\/users\/6"}],"replies":[{"embeddable":true,"href":"https:\/\/ambientestereo.fm\/sitio\/wp-json\/wp\/v2\/comments?post=49695"}],"version-history":[{"count":1,"href":"https:\/\/ambientestereo.fm\/sitio\/wp-json\/wp\/v2\/posts\/49695\/revisions"}],"predecessor-version":[{"id":49696,"href":"https:\/\/ambientestereo.fm\/sitio\/wp-json\/wp\/v2\/posts\/49695\/revisions\/49696"}],"wp:featuredmedia":[{"embeddable":true,"href":"https:\/\/ambientestereo.fm\/sitio\/wp-json\/wp\/v2\/media\/47499"}],"wp:attachment":[{"href":"https:\/\/ambientestereo.fm\/sitio\/wp-json\/wp\/v2\/media?parent=49695"}],"wp:term":[{"taxonomy":"category","embeddable":true,"href":"https:\/\/ambientestereo.fm\/sitio\/wp-json\/wp\/v2\/categories?post=49695"},{"taxonomy":"post_tag","embeddable":true,"href":"https:\/\/ambientestereo.fm\/sitio\/wp-json\/wp\/v2\/tags?post=49695"}],"curies":[{"name":"wp","href":"https:\/\/api.w.org\/{rel}","templated":true}]}}