{"id":49697,"date":"2026-09-04T09:21:47","date_gmt":"2026-09-04T14:21:47","guid":{"rendered":"https:\/\/ambientestereo.fm\/sitio\/?p=49697"},"modified":"2026-09-04T09:21:49","modified_gmt":"2026-09-04T14:21:49","slug":"refuerzan-la-seguridad-del-palacio-de-justicia","status":"publish","type":"post","link":"https:\/\/ambientestereo.fm\/sitio\/noticias\/refuerzan-la-seguridad-del-palacio-de-justicia\/","title":{"rendered":"Refuerzan la seguridad del Palacio de Justicia"},"content":{"rendered":"\n<p class=\"wp-block-paragraph\">Cerca de dos horas dur\u00f3 la reuni\u00f3n entre el presidente Abelardo De La Espriella en la Sala Plena de la Corte Suprema de Justicia.<\/p>\n\n\n\n<p class=\"wp-block-paragraph\">En el encuentro, acordaron reforzar la seguridad en el Palacio de Justicia, ante las recientes amenazas de los magistrados del Alto Tribunal. Este refuerzo estar\u00e1 a cargo de la Polic\u00eda Nacional y la Unidad Nacional de Protecci\u00f3n, como lo orden\u00f3 el presidente De La Espriella.<\/p>\n\n\n\n<p class=\"wp-block-paragraph\">El presidente de la Corte Suprema de Justicia, Iv\u00e1n Mauricio Lenis, agradeci\u00f3 a la Polic\u00eda Nacional por el refuerzo de seguridad en el Palacio de Justicia: \u201cNing\u00fan funcionario judicial, juez, fiscal, defensor p\u00fablico, debe afrontar amenazas, riesgos o presiones por cumplir con su funci\u00f3n\u201d,<\/p>\n\n\n\n<p class=\"wp-block-paragraph\">Al t\u00e9rmino de la reuni\u00f3n, el presidente de la Corte Suprema de Justicia, Iv\u00e1n Mauricio Lenis, entreg\u00f3 las conclusiones de la regi\u00f3n con el alto mandatario.<\/p>\n\n\n\n<p class=\"wp-block-paragraph\">Entre ellas, apoyar dos proyectos de ley que tienen en concordancia con el Gobierno Nacional, y trabajar de manera conjunta para lograr la liberaci\u00f3n de dos funcionarios de la Fiscal\u00eda que se encuentran retenidos.<\/p>\n\n\n\n<p class=\"wp-block-paragraph\">En medio de las preocupaciones de los magistrados de la Corte Suprema de Justicia por las recientes amenazas e intimidaciones, el presidente Abelardo De La Espriella orden\u00f3 al Inpec ingresar a la celda del exgobernador de La Guajira Kiko G\u00f3mez, quien ha sido se\u00f1alado de estar detr\u00e1s de estas intimidaciones. Durante el procedimiento, las autoridades encontraron un celular.<\/p>\n\n\n\n<p class=\"wp-block-paragraph\">G\u00f3mez se encontraba en Bogot\u00e1 por un procedimiento m\u00e9dico, pero permanece recluido en la c\u00e1rcel de La Dorada, Caldas.<\/p>\n\n\n\n<p class=\"wp-block-paragraph\">Fuente: CARACOL RADIO<\/p>\n","protected":false},"excerpt":{"rendered":"<p>Cerca de dos horas dur\u00f3 la reuni\u00f3n entre el presidente Abelardo De La Espriella en&#8230;<\/p>\n","protected":false},"author":6,"featured_media":45263,"comment_status":"closed","ping_status":"closed","sticky":false,"template":"","format":"standard","meta":{"_acf_changed":false,"footnotes":""},"categories":[412,287],"tags":[],"class_list":["post-49697","post","type-post","status-publish","format-standard","has-post-thumbnail","hentry","category-destacado","category-noticias"],"acf":[],"comment_count":0,"featured_image_url":"https:\/\/ambientestereo.fm\/sitio\/wp-content\/uploads\/2025\/12\/Capitolio_Congreso_Colombia.jpg","thumbnail":"https:\/\/ambientestereo.fm\/sitio\/wp-content\/uploads\/2025\/12\/Capitolio_Congreso_Colombia-150x150.jpg","_links":{"self":[{"href":"https:\/\/ambientestereo.fm\/sitio\/wp-json\/wp\/v2\/posts\/49697","targetHints":{"allow":["GET"]}}],"collection":[{"href":"https:\/\/ambientestereo.fm\/sitio\/wp-json\/wp\/v2\/posts"}],"about":[{"href":"https:\/\/ambientestereo.fm\/sitio\/wp-json\/wp\/v2\/types\/post"}],"author":[{"embeddable":true,"href":"https:\/\/ambientestereo.fm\/sitio\/wp-json\/wp\/v2\/users\/6"}],"replies":[{"embeddable":true,"href":"https:\/\/ambientestereo.fm\/sitio\/wp-json\/wp\/v2\/comments?post=49697"}],"version-history":[{"count":1,"href":"https:\/\/ambientestereo.fm\/sitio\/wp-json\/wp\/v2\/posts\/49697\/revisions"}],"predecessor-version":[{"id":49698,"href":"https:\/\/ambientestereo.fm\/sitio\/wp-json\/wp\/v2\/posts\/49697\/revisions\/49698"}],"wp:featuredmedia":[{"embeddable":true,"href":"https:\/\/ambientestereo.fm\/sitio\/wp-json\/wp\/v2\/media\/45263"}],"wp:attachment":[{"href":"https:\/\/ambientestereo.fm\/sitio\/wp-json\/wp\/v2\/media?parent=49697"}],"wp:term":[{"taxonomy":"category","embeddable":true,"href":"https:\/\/ambientestereo.fm\/sitio\/wp-json\/wp\/v2\/categories?post=49697"},{"taxonomy":"post_tag","embeddable":true,"href":"https:\/\/ambientestereo.fm\/sitio\/wp-json\/wp\/v2\/tags?post=49697"}],"curies":[{"name":"wp","href":"https:\/\/api.w.org\/{rel}","templated":true}]}}