{"id":49699,"date":"2026-09-04T07:28:00","date_gmt":"2026-09-04T12:28:00","guid":{"rendered":"https:\/\/ambientestereo.fm\/sitio\/?p=49699"},"modified":"2026-09-04T10:29:47","modified_gmt":"2026-09-04T15:29:47","slug":"milei-anuncia-sanciones-a-petroleras-en-las-malvinas","status":"publish","type":"post","link":"https:\/\/ambientestereo.fm\/sitio\/noticias\/milei-anuncia-sanciones-a-petroleras-en-las-malvinas\/","title":{"rendered":"Milei anuncia sanciones a petroleras en las Malvinas"},"content":{"rendered":"\n<p class=\"wp-block-paragraph\">El presidente de Argentina, Javier Milei, anunci\u00f3 que buscar\u00e1 aumentar las sanciones en su pa\u00eds a petroleras con actividades en las islas Malvinas\/Falklands y crear una base naval en Tierra del Fuego.<\/p>\n\n\n\n<p class=\"wp-block-paragraph\">\u00abProcederemos a inhabilitar de operar en territorio argentino a las empresas involucradas directa o indirectamente en proyectos en las islas Malvinas sin autorizaci\u00f3n argentina\u00bb, dijo Milei.<\/p>\n\n\n\n<p class=\"wp-block-paragraph\">Se trat\u00f3 del mensaje m\u00e1s reivindicativo sobre las islas por parte del mandatario argentino, convencido de que, bajo el gobierno de su aliado Donald Trump, Estados Unidos podr\u00eda variar su pol\u00edtica tradicional sobre el archipi\u00e9lago.<\/p>\n\n\n\n<p class=\"wp-block-paragraph\">Trump fue consultado por la BBC en una rueda de prensa sobre si estaba revisando la postura de EE.UU. respecto a las islas Malvinas\/Falklands y respondi\u00f3: \u00abSiempre reviso todas las posturas. Esa es solo una de muchas\u00bb.<\/p>\n\n\n\n<p class=\"wp-block-paragraph\">Milei sostuvo que \u00aben el mundo corren vientos de cambios favorables\u00bb al reclamo argentino sobre las islas.<\/p>\n\n\n\n<p class=\"wp-block-paragraph\">\u00abEl presidente Trump declar\u00f3 que los EE.UU. est\u00e1n reevaluando su posici\u00f3n hist\u00f3rica con relaci\u00f3n a Malvinas. Esta amenaza no es inocua\u00bb, dijo.<\/p>\n\n\n\n<p class=\"wp-block-paragraph\">\u00abLos EE.UU. eval\u00faan ese cambio de posici\u00f3n porque saben que en la Argentina tiene un socio confiable alineado con los valores occidentales en una posici\u00f3n de relevancia estrat\u00e9gica\u00bb, agreg\u00f3.<\/p>\n\n\n\n<p class=\"wp-block-paragraph\">Trump tambi\u00e9n insinu\u00f3, sin decirlo de forma directa, que evitar\u00eda acudir en apoyo de Reino Unido en un eventual conflicto con Argentina por las islas.<\/p>\n\n\n\n<p class=\"wp-block-paragraph\">Fuente: BBC<\/p>\n\n\n\n<p class=\"wp-block-paragraph\"><\/p>\n","protected":false},"excerpt":{"rendered":"<p>El presidente de Argentina, Javier Milei, anunci\u00f3 que buscar\u00e1 aumentar las sanciones en su pa\u00eds&#8230;<\/p>\n","protected":false},"author":6,"featured_media":43087,"comment_status":"closed","ping_status":"closed","sticky":false,"template":"","format":"standard","meta":{"_acf_changed":false,"footnotes":""},"categories":[287,413],"tags":[],"class_list":["post-49699","post","type-post","status-publish","format-standard","has-post-thumbnail","hentry","category-noticias","category-tendencia"],"acf":[],"comment_count":0,"featured_image_url":"https:\/\/ambientestereo.fm\/sitio\/wp-content\/uploads\/2025\/08\/Javier_Milei_2025.jpg","thumbnail":"https:\/\/ambientestereo.fm\/sitio\/wp-content\/uploads\/2025\/08\/Javier_Milei_2025-150x150.jpg","_links":{"self":[{"href":"https:\/\/ambientestereo.fm\/sitio\/wp-json\/wp\/v2\/posts\/49699","targetHints":{"allow":["GET"]}}],"collection":[{"href":"https:\/\/ambientestereo.fm\/sitio\/wp-json\/wp\/v2\/posts"}],"about":[{"href":"https:\/\/ambientestereo.fm\/sitio\/wp-json\/wp\/v2\/types\/post"}],"author":[{"embeddable":true,"href":"https:\/\/ambientestereo.fm\/sitio\/wp-json\/wp\/v2\/users\/6"}],"replies":[{"embeddable":true,"href":"https:\/\/ambientestereo.fm\/sitio\/wp-json\/wp\/v2\/comments?post=49699"}],"version-history":[{"count":1,"href":"https:\/\/ambientestereo.fm\/sitio\/wp-json\/wp\/v2\/posts\/49699\/revisions"}],"predecessor-version":[{"id":49700,"href":"https:\/\/ambientestereo.fm\/sitio\/wp-json\/wp\/v2\/posts\/49699\/revisions\/49700"}],"wp:featuredmedia":[{"embeddable":true,"href":"https:\/\/ambientestereo.fm\/sitio\/wp-json\/wp\/v2\/media\/43087"}],"wp:attachment":[{"href":"https:\/\/ambientestereo.fm\/sitio\/wp-json\/wp\/v2\/media?parent=49699"}],"wp:term":[{"taxonomy":"category","embeddable":true,"href":"https:\/\/ambientestereo.fm\/sitio\/wp-json\/wp\/v2\/categories?post=49699"},{"taxonomy":"post_tag","embeddable":true,"href":"https:\/\/ambientestereo.fm\/sitio\/wp-json\/wp\/v2\/tags?post=49699"}],"curies":[{"name":"wp","href":"https:\/\/api.w.org\/{rel}","templated":true}]}}