{"id":49703,"date":"2026-09-05T00:07:00","date_gmt":"2026-09-05T05:07:00","guid":{"rendered":"https:\/\/ambientestereo.fm\/sitio\/?p=49703"},"modified":"2026-09-04T21:03:24","modified_gmt":"2026-09-05T02:03:24","slug":"precios-al-productor-presionados-por-el-agro-y-la-ganaderia","status":"publish","type":"post","link":"https:\/\/ambientestereo.fm\/sitio\/noticias\/precios-al-productor-presionados-por-el-agro-y-la-ganaderia\/","title":{"rendered":"Precios al productor presionados por el agro y la ganader\u00eda"},"content":{"rendered":"\n<p class=\"wp-block-paragraph\">Aunque las cotizaciones en el sector agropecuario y la ganader\u00eda siguieron al alza, su incidencia no fue suficiente para que el \u00cdndice de Precios al Productor (IPP) en agosto cayera -0,33 %.<\/p>\n\n\n\n<p class=\"wp-block-paragraph\">Este indicador, que es un abrebocas de lo que puede ser la inflaci\u00f3n del mes, cifra que ser\u00e1 dada a conocer el pr\u00f3ximo lunes, se\u00f1ala que el \u00fanico sector que registr\u00f3 una variaci\u00f3n inferior a la media fue explotaci\u00f3n de minas y canteras con -1,13 %.<\/p>\n\n\n\n<p class=\"wp-block-paragraph\">A su vez, los sectores de industrias manufactureras (-0,29 %) y agricultura, ganader\u00eda, silvicultura, caza y pesca (0,01 %) presentaron variaciones superiores a la media (-0,33 %).<\/p>\n\n\n\n<p class=\"wp-block-paragraph\">De acuerdo con el informe del DANE, en agosto de 2026 el IPP de la producci\u00f3n nacional present\u00f3 una variaci\u00f3n a\u00f1o corrido de 2,95 % frente a diciembre de 2025.<\/p>\n\n\n\n<p class=\"wp-block-paragraph\">En lo corrido de 2026 hasta agosto, los sectores de agricultura, ganader\u00eda y pesca (9,45 %) y miner\u00eda (7,25 %) presentaron variaciones superiores a la media (2,95 %), mientras que el sector de industria (0,03 %) registr\u00f3 una variaci\u00f3n inferior a la media.<\/p>\n\n\n\n<p class=\"wp-block-paragraph\">Las subclases que se destacaron por su contribuci\u00f3n positiva en lo corrido del a\u00f1o fueron: frutas de pepita y frutas de hueso (24,90 %), aceites de petr\u00f3leo y aceites obtenidos de minerales bituminosos, crudos (13,88 %) y c\u00edtricos (58,63 %), que en conjunto aportaron 2,76 puntos porcentuales (p.p.) a la variaci\u00f3n del \u00cdndice de Precios de la Producci\u00f3n Nacional.<\/p>\n\n\n\n<p class=\"wp-block-paragraph\">En contraste, las principales contribuciones negativas a la variaci\u00f3n correspondieron a las siguientes subclases: oro (incluso oro platinado) en bruto, semilabrado o en polvo (-12,34 %), pl\u00e1tanos (-36,66 %) y caf\u00e9 (-25,24 %), que en conjunto restaron 1,42 p.p. a la variaci\u00f3n del \u00cdndice de Precios de la Producci\u00f3n Nacional.<\/p>\n\n\n\n<p class=\"wp-block-paragraph\">En el a\u00f1o, en contraste, las principales contribuciones positivas a la variaci\u00f3n correspondieron a las siguientes subclases: c\u00edtricos (8,79 %), otros combustibles (6,86 %) y papas (6,98 %), que en conjunto aportaron 0,27 p.p. a la variaci\u00f3n del \u00cdndice de Precios de la Producci\u00f3n Nacional.<\/p>\n\n\n\n<p class=\"wp-block-paragraph\">Por su parte, las principales contribuciones negativas a la variaci\u00f3n correspondieron a las siguientes subclases CPC: oro (incluso oro platinado) en bruto, semilabrado o en polvo (-12,34 %), pl\u00e1tanos (-36,66 %) y Caf\u00e9 (-25,24 %), que en conjunto restaron 1,42 p.p. a la variaci\u00f3n del \u00cdndice de Precios de la Producci\u00f3n Nacional.<\/p>\n\n\n\n<p class=\"wp-block-paragraph\">En agosto de 2026 el IPP de la producci\u00f3n nacional present\u00f3 una variaci\u00f3n anual de 0,76 % comparado con agosto de 2025.<\/p>\n\n\n\n<p class=\"wp-block-paragraph\">El \u00fanico sector que registr\u00f3 una variaci\u00f3n superior a la media en agosto de 2026, comparado con agosto de 2025, fue agricultura, ganader\u00eda y pesca con 6,80 %. Los sectores de industria (0,26 %) y miner\u00eda (-6,59 %) presentaron variaciones inferiores a la media (0,76 %).<\/p>\n\n\n\n<p class=\"wp-block-paragraph\">Fuente: EL NUEVO SIGLO<\/p>\n","protected":false},"excerpt":{"rendered":"<p>Aunque las cotizaciones en el sector agropecuario y la ganader\u00eda siguieron al alza, su incidencia&#8230;<\/p>\n","protected":false},"author":6,"featured_media":49704,"comment_status":"closed","ping_status":"closed","sticky":false,"template":"","format":"standard","meta":{"_acf_changed":false,"footnotes":""},"categories":[412,287],"tags":[],"class_list":["post-49703","post","type-post","status-publish","format-standard","has-post-thumbnail","hentry","category-destacado","category-noticias"],"acf":[],"comment_count":0,"featured_image_url":"https:\/\/ambientestereo.fm\/sitio\/wp-content\/uploads\/2026\/09\/agro_agricultura-1.jpg","thumbnail":"https:\/\/ambientestereo.fm\/sitio\/wp-content\/uploads\/2026\/09\/agro_agricultura-1-150x150.jpg","_links":{"self":[{"href":"https:\/\/ambientestereo.fm\/sitio\/wp-json\/wp\/v2\/posts\/49703","targetHints":{"allow":["GET"]}}],"collection":[{"href":"https:\/\/ambientestereo.fm\/sitio\/wp-json\/wp\/v2\/posts"}],"about":[{"href":"https:\/\/ambientestereo.fm\/sitio\/wp-json\/wp\/v2\/types\/post"}],"author":[{"embeddable":true,"href":"https:\/\/ambientestereo.fm\/sitio\/wp-json\/wp\/v2\/users\/6"}],"replies":[{"embeddable":true,"href":"https:\/\/ambientestereo.fm\/sitio\/wp-json\/wp\/v2\/comments?post=49703"}],"version-history":[{"count":1,"href":"https:\/\/ambientestereo.fm\/sitio\/wp-json\/wp\/v2\/posts\/49703\/revisions"}],"predecessor-version":[{"id":49705,"href":"https:\/\/ambientestereo.fm\/sitio\/wp-json\/wp\/v2\/posts\/49703\/revisions\/49705"}],"wp:featuredmedia":[{"embeddable":true,"href":"https:\/\/ambientestereo.fm\/sitio\/wp-json\/wp\/v2\/media\/49704"}],"wp:attachment":[{"href":"https:\/\/ambientestereo.fm\/sitio\/wp-json\/wp\/v2\/media?parent=49703"}],"wp:term":[{"taxonomy":"category","embeddable":true,"href":"https:\/\/ambientestereo.fm\/sitio\/wp-json\/wp\/v2\/categories?post=49703"},{"taxonomy":"post_tag","embeddable":true,"href":"https:\/\/ambientestereo.fm\/sitio\/wp-json\/wp\/v2\/tags?post=49703"}],"curies":[{"name":"wp","href":"https:\/\/api.w.org\/{rel}","templated":true}]}}