{"id":49706,"date":"2026-09-05T00:11:00","date_gmt":"2026-09-05T05:11:00","guid":{"rendered":"https:\/\/ambientestereo.fm\/sitio\/?p=49706"},"modified":"2026-09-04T21:12:37","modified_gmt":"2026-09-05T02:12:37","slug":"reforma-al-sistema-general-de-regalias","status":"publish","type":"post","link":"https:\/\/ambientestereo.fm\/sitio\/noticias\/reforma-al-sistema-general-de-regalias\/","title":{"rendered":"Reforma al Sistema General de Regal\u00edas"},"content":{"rendered":"\n<p class=\"wp-block-paragraph\">El Gobierno Nacional presentar\u00e1 a consideraci\u00f3n del Congreso de la Rep\u00fablica, a trav\u00e9s del Departamento Nacional de Planeaci\u00f3n (DNP), un proyecto de ley para reformar el actual Sistema General de Regal\u00edas, de manera que permita poner en marcha las grandes obras de infraestructura que necesita el pa\u00eds, y evitar la atomizaci\u00f3n de recursos en peque\u00f1as iniciativas.<\/p>\n\n\n\n<p class=\"wp-block-paragraph\">\u200bAs\u00ed lo anunci\u00f3 el presidente de la Rep\u00fablica, Abelardo de la Espriella, al intervenir este viernes en la Cumbre de Gobernadores que se lleva a cabo en Mompox, Bol\u00edvar.<\/p>\n\n\n\n<p class=\"wp-block-paragraph\">El mandatario explic\u00f3 que desde 2012 se han aprobado m\u00e1s de 35 mil proyectos de regal\u00edas por cerca de 115 billones de pesos, y desde 2017 cerca de 80 por ciento de los proyectos ha tenido un valor inferior a un mill\u00f3n de d\u00f3lares, mientras que solo el 1 por ciento supera los 20 millones de d\u00f3lares de inversi\u00f3n.<\/p>\n\n\n\n<p class=\"wp-block-paragraph\">\u201cEsto nos muestra algo claro y evidente: \u00bfhasta qu\u00e9 punto la inversi\u00f3n de regal\u00edas se ha atomizado en miles de proyectos peque\u00f1os? Mi Gobierno tiene una visi\u00f3n diferente. Quiero recuperar la capacidad de financiar grandes proyectos que impacten y transformen verdaderamente la vida de los territorios. Debe pensarse, se\u00f1ores gobernadores, en proyectos de energ\u00eda, transporte, agua potable, saneamiento b\u00e1sico, vivienda, agricultura y desarrollo rural\u00bb, explic\u00f3 el Jefe de Estado.<\/p>\n\n\n\n<p class=\"wp-block-paragraph\">De acuerdo con el Presidente de la Rep\u00fablica, se trata de inversiones en proyectos que cierren brechas sociales, generen empleo y mejoren la competitividad de regiones enteras.<\/p>\n\n\n\n<p class=\"wp-block-paragraph\">\u201cEsto tiene que medirse por las obras terminadas, los servicios que llegan y los resultados concretos. Esa es la pol\u00edtica que me gusta: la pol\u00edtica grande, la de los kil\u00f3metros de v\u00eda, la del agua, la de los alcantarillados\u201d, recalc\u00f3.<\/p>\n\n\n\n<p class=\"wp-block-paragraph\">En este sentido, el presidente De La Espriella dio instrucciones al DNP para que trabaje directamente con los gobernadores y ayude a convertir esos grandes proyectos en obras ejecutadas.<\/p>\n\n\n\n<p class=\"wp-block-paragraph\">\u201cPara los proyectos ordinarios habr\u00e1 procedimientos m\u00e1s simples: proyectos tipo y un banco de iniciativas previamente estructuradas que puedan adaptarse r\u00e1pidamente a las necesidades de cada departamento\u201d, indic\u00f3.<\/p>\n\n\n\n<p class=\"wp-block-paragraph\">El Mandatario explic\u00f3 que para avanzar en esta iniciativa es necesario aprovechar que la deuda total de departamentos y municipios es de menos del 2 por ciento del PIB.<\/p>\n\n\n\n<p class=\"wp-block-paragraph\">\u201cEso nos abre la puerta para estudiar mecanismos prudentes de financiaci\u00f3n de grandes proyectos de infraestructura e inversi\u00f3n productiva, sin poner en riesgo la estabilidad de las finanzas territoriales. Cuenten con que mi Gobierno impulsar\u00e1 una pol\u00edtica decidida de cofinanciaci\u00f3n de grandes proyectos regionales que generen crecimiento, productividad y empleo\u201d, afirm\u00f3 el Mandatario.<\/p>\n\n\n\n<p class=\"wp-block-paragraph\">Fuente: CARACOL RADIO<\/p>\n","protected":false},"excerpt":{"rendered":"<p>El Gobierno Nacional presentar\u00e1 a consideraci\u00f3n del Congreso de la Rep\u00fablica, a trav\u00e9s del Departamento&#8230;<\/p>\n","protected":false},"author":6,"featured_media":49707,"comment_status":"closed","ping_status":"closed","sticky":false,"template":"","format":"standard","meta":{"_acf_changed":false,"footnotes":""},"categories":[294,287],"tags":[],"class_list":["post-49706","post","type-post","status-publish","format-standard","has-post-thumbnail","hentry","category-actualidad","category-noticias"],"acf":[],"comment_count":0,"featured_image_url":"https:\/\/ambientestereo.fm\/sitio\/wp-content\/uploads\/2026\/09\/infraestructura_regalias-1.jpg","thumbnail":"https:\/\/ambientestereo.fm\/sitio\/wp-content\/uploads\/2026\/09\/infraestructura_regalias-1-150x150.jpg","_links":{"self":[{"href":"https:\/\/ambientestereo.fm\/sitio\/wp-json\/wp\/v2\/posts\/49706","targetHints":{"allow":["GET"]}}],"collection":[{"href":"https:\/\/ambientestereo.fm\/sitio\/wp-json\/wp\/v2\/posts"}],"about":[{"href":"https:\/\/ambientestereo.fm\/sitio\/wp-json\/wp\/v2\/types\/post"}],"author":[{"embeddable":true,"href":"https:\/\/ambientestereo.fm\/sitio\/wp-json\/wp\/v2\/users\/6"}],"replies":[{"embeddable":true,"href":"https:\/\/ambientestereo.fm\/sitio\/wp-json\/wp\/v2\/comments?post=49706"}],"version-history":[{"count":1,"href":"https:\/\/ambientestereo.fm\/sitio\/wp-json\/wp\/v2\/posts\/49706\/revisions"}],"predecessor-version":[{"id":49708,"href":"https:\/\/ambientestereo.fm\/sitio\/wp-json\/wp\/v2\/posts\/49706\/revisions\/49708"}],"wp:featuredmedia":[{"embeddable":true,"href":"https:\/\/ambientestereo.fm\/sitio\/wp-json\/wp\/v2\/media\/49707"}],"wp:attachment":[{"href":"https:\/\/ambientestereo.fm\/sitio\/wp-json\/wp\/v2\/media?parent=49706"}],"wp:term":[{"taxonomy":"category","embeddable":true,"href":"https:\/\/ambientestereo.fm\/sitio\/wp-json\/wp\/v2\/categories?post=49706"},{"taxonomy":"post_tag","embeddable":true,"href":"https:\/\/ambientestereo.fm\/sitio\/wp-json\/wp\/v2\/tags?post=49706"}],"curies":[{"name":"wp","href":"https:\/\/api.w.org\/{rel}","templated":true}]}}