{"id":49719,"date":"2026-09-06T00:23:00","date_gmt":"2026-09-06T05:23:00","guid":{"rendered":"https:\/\/ambientestereo.fm\/sitio\/?p=49719"},"modified":"2026-09-05T10:26:38","modified_gmt":"2026-09-05T15:26:38","slug":"colombia-se-aleja-de-la-regla-fiscal","status":"publish","type":"post","link":"https:\/\/ambientestereo.fm\/sitio\/noticias\/colombia-se-aleja-de-la-regla-fiscal\/","title":{"rendered":"Colombia se aleja de la regla fiscal"},"content":{"rendered":"\n<p class=\"wp-block-paragraph\">El pa\u00eds se aleja de la regla fiscal y el Gobierno de De La Espriella enfrentar\u00e1 un ajuste de casi cuatro puntos del PIB, advirti\u00f3 Juan Carlos Ram\u00edrez, presidente del Comit\u00e9 Aut\u00f3nomo de la Regla Fiscal (CARF), al evaluar las cuentas p\u00fablicas.<\/p>\n\n\n\n<p class=\"wp-block-paragraph\">El organismo calcula que el d\u00e9ficit primario de 2026 podr\u00eda cerrar en 3,9% del PIB, frente al 3,3% proyectado por el Gobierno. La diferencia refleja las dificultades para materializar el ajuste anunciado este a\u00f1o.<\/p>\n\n\n\n<p class=\"wp-block-paragraph\">El Gobierno plante\u00f3 un recorte de $22 billones para este a\u00f1o, pero el CARF considera dif\u00edcil alcanzar esa meta porque existen procesos administrativos de contrataci\u00f3n en marcha y compromisos adquiridos previamente por el Estado.<\/p>\n\n\n\n<p class=\"wp-block-paragraph\">Ram\u00edrez se\u00f1al\u00f3 que Colombia activ\u00f3 la cl\u00e1usula de escape de la regla fiscal en 2025, despu\u00e9s de registrar un d\u00e9ficit primario de 3,5% del PIB, frente al 2,4% registrado durante 2024, seg\u00fan las cifras presentadas.<\/p>\n\n\n\n<p class=\"wp-block-paragraph\">La ruta dise\u00f1ada entonces buscaba regresar al cumplimiento de la regla fiscal en tres a\u00f1os, pero, seg\u00fan el CARF, tampoco se ha cumplido. El ajuste esperado para reducir el d\u00e9ficit no ocurri\u00f3 seg\u00fan lo previsto.<\/p>\n\n\n\n<p class=\"wp-block-paragraph\">De acuerdo con Ram\u00edrez, la brecha entre la situaci\u00f3n actual y la trayectoria necesaria se acerca a cuatro puntos del PIB. Ese tama\u00f1o de ajuste no tiene precedentes recientes en Colombia y plantea un desaf\u00edo excepcional.<\/p>\n\n\n\n<p class=\"wp-block-paragraph\">La advertencia adquiere mayor peso porque el d\u00e9ficit total es mucho m\u00e1s elevado al incorporar los intereses de la deuda. Ram\u00edrez se\u00f1al\u00f3 que el pa\u00eds necesita endeudarse cada a\u00f1o para cubrir ese desequilibrio fiscal.<\/p>\n\n\n\n<p class=\"wp-block-paragraph\">\u201cEn la medida en que lo hagamos m\u00e1s pronto, el costo total ser\u00e1 menor\u201d, se\u00f1al\u00f3 Ram\u00edrez al referirse a la necesidad de reducir la brecha fiscal y evitar que contin\u00fae acumul\u00e1ndose endeudamiento.<\/p>\n\n\n\n<p class=\"wp-block-paragraph\">Fuente: PORTAFOLIO<\/p>\n","protected":false},"excerpt":{"rendered":"<p>El pa\u00eds se aleja de la regla fiscal y el Gobierno de De La Espriella&#8230;<\/p>\n","protected":false},"author":6,"featured_media":45079,"comment_status":"closed","ping_status":"closed","sticky":false,"template":"","format":"standard","meta":{"_acf_changed":false,"footnotes":""},"categories":[412,287],"tags":[],"class_list":["post-49719","post","type-post","status-publish","format-standard","has-post-thumbnail","hentry","category-destacado","category-noticias"],"acf":[],"comment_count":0,"featured_image_url":"https:\/\/ambientestereo.fm\/sitio\/wp-content\/uploads\/2025\/12\/dinero-1.jpg","thumbnail":"https:\/\/ambientestereo.fm\/sitio\/wp-content\/uploads\/2025\/12\/dinero-1-150x150.jpg","_links":{"self":[{"href":"https:\/\/ambientestereo.fm\/sitio\/wp-json\/wp\/v2\/posts\/49719","targetHints":{"allow":["GET"]}}],"collection":[{"href":"https:\/\/ambientestereo.fm\/sitio\/wp-json\/wp\/v2\/posts"}],"about":[{"href":"https:\/\/ambientestereo.fm\/sitio\/wp-json\/wp\/v2\/types\/post"}],"author":[{"embeddable":true,"href":"https:\/\/ambientestereo.fm\/sitio\/wp-json\/wp\/v2\/users\/6"}],"replies":[{"embeddable":true,"href":"https:\/\/ambientestereo.fm\/sitio\/wp-json\/wp\/v2\/comments?post=49719"}],"version-history":[{"count":1,"href":"https:\/\/ambientestereo.fm\/sitio\/wp-json\/wp\/v2\/posts\/49719\/revisions"}],"predecessor-version":[{"id":49720,"href":"https:\/\/ambientestereo.fm\/sitio\/wp-json\/wp\/v2\/posts\/49719\/revisions\/49720"}],"wp:featuredmedia":[{"embeddable":true,"href":"https:\/\/ambientestereo.fm\/sitio\/wp-json\/wp\/v2\/media\/45079"}],"wp:attachment":[{"href":"https:\/\/ambientestereo.fm\/sitio\/wp-json\/wp\/v2\/media?parent=49719"}],"wp:term":[{"taxonomy":"category","embeddable":true,"href":"https:\/\/ambientestereo.fm\/sitio\/wp-json\/wp\/v2\/categories?post=49719"},{"taxonomy":"post_tag","embeddable":true,"href":"https:\/\/ambientestereo.fm\/sitio\/wp-json\/wp\/v2\/tags?post=49719"}],"curies":[{"name":"wp","href":"https:\/\/api.w.org\/{rel}","templated":true}]}}